{"id":224,"date":"2025-04-27T16:23:33","date_gmt":"2025-04-27T14:23:33","guid":{"rendered":"https:\/\/seal.transport-manager.net\/IsereSKI\/?p=224"},"modified":"2025-04-27T16:23:33","modified_gmt":"2025-04-27T14:23:33","slug":"ouverture-dune-agence","status":"publish","type":"post","link":"https:\/\/seal.transport-manager.net\/IsereSKI\/2025\/04\/27\/ouverture-dune-agence\/","title":{"rendered":"Ouverture d&rsquo;une agence"},"content":{"rendered":"\n<p>D\u00e8s ce lundi 28 avril 2025, profitez de l&rsquo;ouverture de l&rsquo;agence des Mobilit\u00e9s. Elle sera situ\u00e9e dans le hall de la Gare Centrale et ouvrira du lundi au vendredi de 8h30 \u00e0 18h.<\/p>\n\n\n\n<p>Vous pourrez y obtenir des documents et des informations gr\u00e2ce \u00e0 nos quatre salari\u00e9s.<\/p>\n\n\n\n<p>A tr\u00e8s vite dans notre agence GG Mobilit\u00e9s<\/p>\n","protected":false},"excerpt":{"rendered":"<p>D\u00e8s ce lundi 28 avril 2025, profitez de l&rsquo;ouverture de l&rsquo;agence des Mobilit\u00e9s. Elle sera situ\u00e9e dans le hall de la Gare Centrale et ouvrira du lundi au vendredi de 8h30 \u00e0 18h. Vous pourrez y obtenir des documents et des informations gr\u00e2ce \u00e0 nos quatre salari\u00e9s. A tr\u00e8s vite dans notre agence GG Mobilit\u00e9s<\/p>\n","protected":false},"author":510,"featured_media":0,"comment_status":"open","ping_status":"open","sticky":false,"template":"","format":"standard","meta":{"footnotes":""},"categories":[1],"tags":[],"class_list":["post-224","post","type-post","status-publish","format-standard","hentry","category-non-classe"],"_links":{"self":[{"href":"https:\/\/seal.transport-manager.net\/IsereSKI\/wp-json\/wp\/v2\/posts\/224","targetHints":{"allow":["GET"]}}],"collection":[{"href":"https:\/\/seal.transport-manager.net\/IsereSKI\/wp-json\/wp\/v2\/posts"}],"about":[{"href":"https:\/\/seal.transport-manager.net\/IsereSKI\/wp-json\/wp\/v2\/types\/post"}],"author":[{"embeddable":true,"href":"https:\/\/seal.transport-manager.net\/IsereSKI\/wp-json\/wp\/v2\/users\/510"}],"replies":[{"embeddable":true,"href":"https:\/\/seal.transport-manager.net\/IsereSKI\/wp-json\/wp\/v2\/comments?post=224"}],"version-history":[{"count":1,"href":"https:\/\/seal.transport-manager.net\/IsereSKI\/wp-json\/wp\/v2\/posts\/224\/revisions"}],"predecessor-version":[{"id":225,"href":"https:\/\/seal.transport-manager.net\/IsereSKI\/wp-json\/wp\/v2\/posts\/224\/revisions\/225"}],"wp:attachment":[{"href":"https:\/\/seal.transport-manager.net\/IsereSKI\/wp-json\/wp\/v2\/media?parent=224"}],"wp:term":[{"taxonomy":"category","embeddable":true,"href":"https:\/\/seal.transport-manager.net\/IsereSKI\/wp-json\/wp\/v2\/categories?post=224"},{"taxonomy":"post_tag","embeddable":true,"href":"https:\/\/seal.transport-manager.net\/IsereSKI\/wp-json\/wp\/v2\/tags?post=224"}],"curies":[{"name":"wp","href":"https:\/\/api.w.org\/{rel}","templated":true}]}}