{"id":270,"date":"2025-07-14T17:55:14","date_gmt":"2025-07-14T15:55:14","guid":{"rendered":"https:\/\/seal.transport-manager.net\/IsereSKI\/?p=270"},"modified":"2025-08-30T14:38:46","modified_gmt":"2025-08-30T12:38:46","slug":"preparation-rentree-2025","status":"publish","type":"post","link":"https:\/\/seal.transport-manager.net\/IsereSKI\/2025\/07\/14\/preparation-rentree-2025\/","title":{"rendered":"Pr\u00e9paration rentr\u00e9e 2025"},"content":{"rendered":"\n<p>Voici les diff\u00e9rentes nouveaut\u00e9s de cette nouvelle rentr\u00e9e :<\/p>\n\n\n\n<div class=\"wp-block-group\"><div class=\"wp-block-group__inner-container is-layout-constrained wp-block-group-is-layout-constrained\">\n<ul class=\"wp-block-list\">\n<li>Ligne 5 : Mus\u00e9e d&rsquo;Art Moderne &lt;&gt; P\u00f4le Luca Pacioli<\/li>\n\n\n\n<li>Ligne 6 : Grand Palais &lt;&gt; Campus Maryse Esterle<\/li>\n\n\n\n<li>Ligne 7 : Grand Palais &lt;&gt; Port fluvial<\/li>\n\n\n\n<li>Ligne PL1 : une ligne nocturne qui fait une boucle dans l&rsquo;agglom\u00e9ration<\/li>\n\n\n\n<li>Les lignes sur r\u00e9servations : un grand confort dans des v\u00e9hicules 100% \u00e9lectriques, 901 et 902<\/li>\n\n\n\n<li>L&rsquo;arriv\u00e9e des premiers bus 100% \u00e9lectriques<\/li>\n<\/ul>\n<\/div><\/div>\n\n\n\n<p>Les horaires seront communiqu\u00e9es le 1er septembre<\/p>\n\n\n\n<p>Voici le planning des horaires : <\/p>\n\n\n\n<ul class=\"wp-block-list\">\n<li>Semaine Heures Creuses (H.C) : 5h &#8211; 7h \/ 9h &#8211; 15h30 \/ 19h &#8211; 20h<\/li>\n\n\n\n<li>Semaine Heures de Pointes (H.P) : 7h &#8211; 9h \/ 15h30 &#8211; 19h<\/li>\n\n\n\n<li>Semaine Soir : 20h &#8211; 0h30<\/li>\n\n\n\n<li>Semaine Nuit : 0h30 &#8211; 5h<\/li>\n\n\n\n<li>Samedi Heures Creuses (H.C) : 5h &#8211; 8h30 \/ 14h &#8211; 16h \/ 18h &#8211; 20h<\/li>\n\n\n\n<li>Samedi Heures de Pointes (H.P) : 8h30 &#8211; 14h \/ 16h &#8211; 18h<\/li>\n\n\n\n<li>Samedi Soir : 20h &#8211; 0h<\/li>\n\n\n\n<li>Samedi Nuit : 0h &#8211; 5h<\/li>\n\n\n\n<li>Dimanche Heures Creuses (H.C) : 5h &#8211; 9h \/ 12h &#8211; 15h \/ 17h &#8211; 0h<\/li>\n\n\n\n<li>Dimanche Heures de Pointes (H.P) : 9h &#8211; 11h \/ 15h &#8211; 17h<\/li>\n\n\n\n<li>Dimanche Nuit : 0h &#8211; 5h<\/li>\n<\/ul>\n","protected":false},"excerpt":{"rendered":"<p>Voici les diff\u00e9rentes nouveaut\u00e9s de cette nouvelle rentr\u00e9e : Les horaires seront communiqu\u00e9es le 1er septembre Voici le planning des horaires :<\/p>\n","protected":false},"author":510,"featured_media":0,"comment_status":"open","ping_status":"open","sticky":false,"template":"","format":"standard","meta":{"footnotes":""},"categories":[1],"tags":[],"class_list":["post-270","post","type-post","status-publish","format-standard","hentry","category-non-classe"],"_links":{"self":[{"href":"https:\/\/seal.transport-manager.net\/IsereSKI\/wp-json\/wp\/v2\/posts\/270","targetHints":{"allow":["GET"]}}],"collection":[{"href":"https:\/\/seal.transport-manager.net\/IsereSKI\/wp-json\/wp\/v2\/posts"}],"about":[{"href":"https:\/\/seal.transport-manager.net\/IsereSKI\/wp-json\/wp\/v2\/types\/post"}],"author":[{"embeddable":true,"href":"https:\/\/seal.transport-manager.net\/IsereSKI\/wp-json\/wp\/v2\/users\/510"}],"replies":[{"embeddable":true,"href":"https:\/\/seal.transport-manager.net\/IsereSKI\/wp-json\/wp\/v2\/comments?post=270"}],"version-history":[{"count":4,"href":"https:\/\/seal.transport-manager.net\/IsereSKI\/wp-json\/wp\/v2\/posts\/270\/revisions"}],"predecessor-version":[{"id":453,"href":"https:\/\/seal.transport-manager.net\/IsereSKI\/wp-json\/wp\/v2\/posts\/270\/revisions\/453"}],"wp:attachment":[{"href":"https:\/\/seal.transport-manager.net\/IsereSKI\/wp-json\/wp\/v2\/media?parent=270"}],"wp:term":[{"taxonomy":"category","embeddable":true,"href":"https:\/\/seal.transport-manager.net\/IsereSKI\/wp-json\/wp\/v2\/categories?post=270"},{"taxonomy":"post_tag","embeddable":true,"href":"https:\/\/seal.transport-manager.net\/IsereSKI\/wp-json\/wp\/v2\/tags?post=270"}],"curies":[{"name":"wp","href":"https:\/\/api.w.org\/{rel}","templated":true}]}}