{"id":478,"date":"2025-09-13T14:39:20","date_gmt":"2025-09-13T12:39:20","guid":{"rendered":"https:\/\/seal.transport-manager.net\/IsereSKI\/?p=478"},"modified":"2025-09-13T15:40:05","modified_gmt":"2025-09-13T13:40:05","slug":"mise-en-place-dune-ligne-pour-la-journee-du-patrimoine","status":"publish","type":"post","link":"https:\/\/seal.transport-manager.net\/IsereSKI\/2025\/09\/13\/mise-en-place-dune-ligne-pour-la-journee-du-patrimoine\/","title":{"rendered":"D\u00e9fil\u00e9 journ\u00e9e du patrimoine"},"content":{"rendered":"\n<figure class=\"wp-block-image\"><img decoding=\"async\" src=\"https:\/\/i.postimg.cc\/26Jyh0Xc\/illustration-journees-du-patrimoine-1-1757581904.jpg\" alt=\"[Image: illustration-journees-du-patrimoine-1-1757581904.jpg]\" \/><\/figure>\n\n\n\n<p>Bonjour \u00e0 tous,<br>Ce dimanche 21 septembre, en l&rsquo;honneur du week-end du patrimoine,&nbsp;<br>GG Mobilit\u00e9s sort son plus vieux bus, un&nbsp;Renault Agora de 2002.<br>Le matin de 8h \u00e0 10h, il sera expos\u00e9 sur la place de l&rsquo;Europe, vous pourrez par ailleurs le visiter et \u00e0 partir de 10h30, le bus circulera sans voyageurs sur un parcours de 30 kilom\u00e8tres :&nbsp;<\/p>\n\n\n\n<figure class=\"wp-block-image\"><img decoding=\"async\" src=\"https:\/\/i.postimg.cc\/XJzq9nv6\/map-9.png\" alt=\"[Image: map-9.png]\" \/><\/figure>\n\n\n\n<p>Il y aura 3 passages dans la journ\u00e9e, dont 1 toute les 3 heures.<\/p>\n\n\n\n<p>Toute l&rsquo;\u00e9quipe GG Mobilit\u00e9s vous souhaitent un agr\u00e9able week-end du patrimoine.<\/p>\n\n\n\n<p>Pour plus d&rsquo;informations sur le r\u00e9seau et \u00eatre inform\u00e9 en direct des perturbations, suivez-nous sur instagram en cliquant\u00a0<a href=\"https:\/\/www.instagram.com\/ggmobilites\/\" target=\"_blank\" rel=\"noreferrer noopener\">ICI<\/a>\u00a0ou cherchez nous sur l&rsquo;application @ggmobilites.<\/p>\n\n\n\n<p><\/p>\n","protected":false},"excerpt":{"rendered":"<p>Bonjour \u00e0 tous,Ce dimanche 21 septembre, en l&rsquo;honneur du week-end du patrimoine,&nbsp;GG Mobilit\u00e9s sort son plus vieux bus, un&nbsp;Renault Agora de 2002.Le matin de 8h \u00e0 10h, il sera expos\u00e9 sur la place de l&rsquo;Europe, vous pourrez par ailleurs le visiter et \u00e0 partir de 10h30, le bus circulera sans voyageurs sur un parcours de&nbsp;&hellip;<\/p>\n","protected":false},"author":510,"featured_media":0,"comment_status":"open","ping_status":"open","sticky":false,"template":"","format":"standard","meta":{"footnotes":""},"categories":[1],"tags":[],"class_list":["post-478","post","type-post","status-publish","format-standard","hentry","category-non-classe"],"_links":{"self":[{"href":"https:\/\/seal.transport-manager.net\/IsereSKI\/wp-json\/wp\/v2\/posts\/478","targetHints":{"allow":["GET"]}}],"collection":[{"href":"https:\/\/seal.transport-manager.net\/IsereSKI\/wp-json\/wp\/v2\/posts"}],"about":[{"href":"https:\/\/seal.transport-manager.net\/IsereSKI\/wp-json\/wp\/v2\/types\/post"}],"author":[{"embeddable":true,"href":"https:\/\/seal.transport-manager.net\/IsereSKI\/wp-json\/wp\/v2\/users\/510"}],"replies":[{"embeddable":true,"href":"https:\/\/seal.transport-manager.net\/IsereSKI\/wp-json\/wp\/v2\/comments?post=478"}],"version-history":[{"count":3,"href":"https:\/\/seal.transport-manager.net\/IsereSKI\/wp-json\/wp\/v2\/posts\/478\/revisions"}],"predecessor-version":[{"id":486,"href":"https:\/\/seal.transport-manager.net\/IsereSKI\/wp-json\/wp\/v2\/posts\/478\/revisions\/486"}],"wp:attachment":[{"href":"https:\/\/seal.transport-manager.net\/IsereSKI\/wp-json\/wp\/v2\/media?parent=478"}],"wp:term":[{"taxonomy":"category","embeddable":true,"href":"https:\/\/seal.transport-manager.net\/IsereSKI\/wp-json\/wp\/v2\/categories?post=478"},{"taxonomy":"post_tag","embeddable":true,"href":"https:\/\/seal.transport-manager.net\/IsereSKI\/wp-json\/wp\/v2\/tags?post=478"}],"curies":[{"name":"wp","href":"https:\/\/api.w.org\/{rel}","templated":true}]}}