{"id":53,"date":"2025-03-09T07:40:53","date_gmt":"2025-03-09T06:40:53","guid":{"rendered":"https:\/\/seal.transport-manager.net\/IsereSKI\/?p=53"},"modified":"2025-04-06T16:59:09","modified_gmt":"2025-04-06T14:59:09","slug":"ouverture-de-la-ligne-2","status":"publish","type":"post","link":"https:\/\/seal.transport-manager.net\/IsereSKI\/2025\/03\/09\/ouverture-de-la-ligne-2\/","title":{"rendered":"Ouverture de la ligne 2"},"content":{"rendered":"\n<p>D\u00e8s ce jour, la ligne 2 qui relie la gare  centrale \u00e0 l&rsquo;a\u00e9roport ouvre ses portes au public !<\/p>\n\n\n\n<p>Actuellement, suite \u00e0 un manque de v\u00e9hicules, ses fr\u00e9quences seront de 16 minutes en semaine. Logiquement, le r\u00e9seau arrivera \u00e0 faire une fr\u00e9quence de 10 minutes en heures de pointes d&rsquo;ici juin 2025<\/p>\n\n\n\n<p>La ligne est actuellement en p\u00e9riode de test afin de d\u00e9finir la fr\u00e9quence d\u00e9finitive.<\/p>\n\n\n\n<p>\u00c0 bient\u00f4t sur nos lignes.<\/p>\n\n\n\n<p><\/p>\n","protected":false},"excerpt":{"rendered":"<p>D\u00e8s ce jour, la ligne 2 qui relie la gare centrale \u00e0 l&rsquo;a\u00e9roport ouvre ses portes au public ! Actuellement, suite \u00e0 un manque de v\u00e9hicules, ses fr\u00e9quences seront de 16 minutes en semaine. Logiquement, le r\u00e9seau arrivera \u00e0 faire une fr\u00e9quence de 10 minutes en heures de pointes d&rsquo;ici juin 2025 La ligne est&nbsp;&hellip;<\/p>\n","protected":false},"author":510,"featured_media":0,"comment_status":"open","ping_status":"open","sticky":false,"template":"","format":"standard","meta":{"footnotes":""},"categories":[1],"tags":[],"class_list":["post-53","post","type-post","status-publish","format-standard","hentry","category-non-classe"],"_links":{"self":[{"href":"https:\/\/seal.transport-manager.net\/IsereSKI\/wp-json\/wp\/v2\/posts\/53","targetHints":{"allow":["GET"]}}],"collection":[{"href":"https:\/\/seal.transport-manager.net\/IsereSKI\/wp-json\/wp\/v2\/posts"}],"about":[{"href":"https:\/\/seal.transport-manager.net\/IsereSKI\/wp-json\/wp\/v2\/types\/post"}],"author":[{"embeddable":true,"href":"https:\/\/seal.transport-manager.net\/IsereSKI\/wp-json\/wp\/v2\/users\/510"}],"replies":[{"embeddable":true,"href":"https:\/\/seal.transport-manager.net\/IsereSKI\/wp-json\/wp\/v2\/comments?post=53"}],"version-history":[{"count":3,"href":"https:\/\/seal.transport-manager.net\/IsereSKI\/wp-json\/wp\/v2\/posts\/53\/revisions"}],"predecessor-version":[{"id":127,"href":"https:\/\/seal.transport-manager.net\/IsereSKI\/wp-json\/wp\/v2\/posts\/53\/revisions\/127"}],"wp:attachment":[{"href":"https:\/\/seal.transport-manager.net\/IsereSKI\/wp-json\/wp\/v2\/media?parent=53"}],"wp:term":[{"taxonomy":"category","embeddable":true,"href":"https:\/\/seal.transport-manager.net\/IsereSKI\/wp-json\/wp\/v2\/categories?post=53"},{"taxonomy":"post_tag","embeddable":true,"href":"https:\/\/seal.transport-manager.net\/IsereSKI\/wp-json\/wp\/v2\/tags?post=53"}],"curies":[{"name":"wp","href":"https:\/\/api.w.org\/{rel}","templated":true}]}}