{"id":211,"date":"2024-07-19T17:11:16","date_gmt":"2024-07-19T15:11:16","guid":{"rendered":"https:\/\/seal.transport-manager.net\/PikaaxYT\/?p=211"},"modified":"2024-11-17T13:33:56","modified_gmt":"2024-11-17T12:33:56","slug":"lancement-de-la-ligne-5","status":"publish","type":"post","link":"https:\/\/seal.transport-manager.net\/PikaaxYT\/2024\/07\/19\/lancement-de-la-ligne-5\/","title":{"rendered":"Lancement de la ligne 5"},"content":{"rendered":"\n<p>Demain, la ligne 5 entrera en service.<\/p>\n\n\n\n<p>Une nouvelle ligne r\u00e9pondant \u00e0 vos besoins, elle reliera les communes de Lieu-Saint-Amand, Neuville-sur-Escaut, Lourches et Escaudain, en permettant une correspondance avec la ligne 2 \u00e0 Lourches<\/p>\n\n\n\n<p>Cette ligne b\u00e9n\u00e9ficie \u00e9galement d&rsquo;une correpsondance la ligne 7 \u00e0 l\u2019arr\u00eat Lieu-Saint-Amand Mairie<\/p>\n\n\n\n<figure class=\"wp-block-image size-large\"><img loading=\"lazy\" decoding=\"async\" width=\"1024\" height=\"336\" src=\"https:\/\/seal.transport-manager.net\/PikaaxYT\/wp-content\/uploads\/sites\/373\/2024\/08\/Image-PNG-1024x336.png\" alt=\"\" class=\"wp-image-212\" srcset=\"https:\/\/seal.transport-manager.net\/PikaaxYT\/wp-content\/uploads\/sites\/373\/2024\/08\/Image-PNG-1024x336.png 1024w, https:\/\/seal.transport-manager.net\/PikaaxYT\/wp-content\/uploads\/sites\/373\/2024\/08\/Image-PNG-300x98.png 300w, https:\/\/seal.transport-manager.net\/PikaaxYT\/wp-content\/uploads\/sites\/373\/2024\/08\/Image-PNG-768x252.png 768w, https:\/\/seal.transport-manager.net\/PikaaxYT\/wp-content\/uploads\/sites\/373\/2024\/08\/Image-PNG-1536x504.png 1536w, https:\/\/seal.transport-manager.net\/PikaaxYT\/wp-content\/uploads\/sites\/373\/2024\/08\/Image-PNG.png 1981w\" sizes=\"auto, (max-width: 1024px) 100vw, 1024px\" \/><\/figure>\n","protected":false},"excerpt":{"rendered":"<p>Demain, la ligne 5 entrera en service. Une nouvelle ligne r\u00e9pondant \u00e0 vos besoins, elle reliera les communes de Lieu-Saint-Amand, Neuville-sur-Escaut, Lourches et Escaudain, en permettant une correspondance avec la ligne 2 \u00e0 Lourches Cette ligne b\u00e9n\u00e9ficie \u00e9galement d&rsquo;une correpsondance la ligne 7 \u00e0 l\u2019arr\u00eat Lieu-Saint-Amand Mairie<\/p>\n","protected":false},"author":427,"featured_media":0,"comment_status":"open","ping_status":"open","sticky":false,"template":"","format":"standard","meta":{"footnotes":""},"categories":[4],"tags":[],"class_list":["post-211","post","type-post","status-publish","format-standard","hentry","category-modif"],"_links":{"self":[{"href":"https:\/\/seal.transport-manager.net\/PikaaxYT\/wp-json\/wp\/v2\/posts\/211","targetHints":{"allow":["GET"]}}],"collection":[{"href":"https:\/\/seal.transport-manager.net\/PikaaxYT\/wp-json\/wp\/v2\/posts"}],"about":[{"href":"https:\/\/seal.transport-manager.net\/PikaaxYT\/wp-json\/wp\/v2\/types\/post"}],"author":[{"embeddable":true,"href":"https:\/\/seal.transport-manager.net\/PikaaxYT\/wp-json\/wp\/v2\/users\/427"}],"replies":[{"embeddable":true,"href":"https:\/\/seal.transport-manager.net\/PikaaxYT\/wp-json\/wp\/v2\/comments?post=211"}],"version-history":[{"count":3,"href":"https:\/\/seal.transport-manager.net\/PikaaxYT\/wp-json\/wp\/v2\/posts\/211\/revisions"}],"predecessor-version":[{"id":215,"href":"https:\/\/seal.transport-manager.net\/PikaaxYT\/wp-json\/wp\/v2\/posts\/211\/revisions\/215"}],"wp:attachment":[{"href":"https:\/\/seal.transport-manager.net\/PikaaxYT\/wp-json\/wp\/v2\/media?parent=211"}],"wp:term":[{"taxonomy":"category","embeddable":true,"href":"https:\/\/seal.transport-manager.net\/PikaaxYT\/wp-json\/wp\/v2\/categories?post=211"},{"taxonomy":"post_tag","embeddable":true,"href":"https:\/\/seal.transport-manager.net\/PikaaxYT\/wp-json\/wp\/v2\/tags?post=211"}],"curies":[{"name":"wp","href":"https:\/\/api.w.org\/{rel}","templated":true}]}}