{"id":222,"date":"2024-09-20T11:18:48","date_gmt":"2024-09-20T09:18:48","guid":{"rendered":"https:\/\/seal.transport-manager.net\/PikaaxYT\/?p=222"},"modified":"2024-11-17T13:34:10","modified_gmt":"2024-11-17T12:34:10","slug":"journees-du-patrimoine","status":"publish","type":"post","link":"https:\/\/seal.transport-manager.net\/PikaaxYT\/2024\/09\/20\/journees-du-patrimoine\/","title":{"rendered":"Journ\u00e9es du patrimoine"},"content":{"rendered":"\n<h3 class=\"wp-block-heading\">Les Journ\u00e9es du Patrimoine se d\u00e9roulent ce week-end et le r\u00e9seau PBus a d\u00e9cid\u00e9 de mettre en place plusieurs actions<\/h3>\n\n\n\n<h3 class=\"wp-block-heading\">Samedi 21 Septembre<\/h3>\n\n\n\n<h4 class=\"wp-block-heading\">Visite guid\u00e9e du d\u00e9p\u00f4t de Denain<\/h4>\n\n\n\n<p>La visite dure environ \u2248 2 heures<\/p>\n\n\n\n<h5 class=\"wp-block-heading\">Horaires<\/h5>\n\n\n\n<p>Matin<\/p>\n\n\n\n<ul class=\"wp-block-list\">\n<li>08h00<\/li>\n<\/ul>\n\n\n\n<ul class=\"wp-block-list\">\n<li>10h00<\/li>\n<\/ul>\n\n\n\n<p>Apr\u00e8s-midi<\/p>\n\n\n\n<ul class=\"wp-block-list\">\n<li>14h00<\/li>\n<\/ul>\n\n\n\n<ul class=\"wp-block-list\">\n<li>16h00<\/li>\n<\/ul>\n\n\n\n<ul class=\"wp-block-list\">\n<li>18h00<\/li>\n<\/ul>\n\n\n\n<h4 class=\"wp-block-heading\">Venez montrer vos photos<\/h4>\n\n\n\n<p>Venez montrer vos meilleures photos de nos bus \u00e0 l\u2019agence commerciale de Bouchain de 9h30 \u00e0 12h30 et de 14h00 \u00e0 18h00<\/p>\n\n\n\n<h3 class=\"wp-block-heading\">Dimanche 22 Septembre<\/h3>\n\n\n\n<h4 class=\"wp-block-heading\">D\u00e9fil\u00e9 de nos vieux v\u00e9hicules<\/h4>\n\n\n\n<p>Nos vieux v\u00e9hicules sortiront du d\u00e9p\u00f4t et rouleront dans le cadre d\u2019un d\u00e9fil\u00e9 de 3h sur une distance d\u2019environ 30km<\/p>\n\n\n\n<p>Il y aura 3 d\u00e9fil\u00e9s au d\u00e9part d\u2019Espace Villars aux heures suivantes: 10h00, 13h00 et 16h00<\/p>\n\n\n\n<p>Voici les v\u00e9hicules qui circuleront:<\/p>\n\n\n\n<ul class=\"wp-block-list\">\n<li>1 x Van Hool AG300 (1993)<\/li>\n<\/ul>\n\n\n\n<ul class=\"wp-block-list\">\n<li>1 x Mercedes Cito (2000)<\/li>\n<\/ul>\n\n\n\n<ul class=\"wp-block-list\">\n<li>1 x Renault Agora S (2002)<\/li>\n<\/ul>\n\n\n\n<ul class=\"wp-block-list\">\n<li>1 x Irisbus Agora L (2004)<\/li>\n<\/ul>\n\n\n\n<p>Voici le parcours du d\u00e9fil\u00e9:<\/p>\n\n\n\n<figure class=\"wp-block-image size-large\"><img loading=\"lazy\" decoding=\"async\" width=\"1024\" height=\"722\" src=\"https:\/\/seal.transport-manager.net\/PikaaxYT\/wp-content\/uploads\/sites\/373\/2024\/09\/IMG_0684-1024x722.jpeg\" alt=\"\" class=\"wp-image-223\" srcset=\"https:\/\/seal.transport-manager.net\/PikaaxYT\/wp-content\/uploads\/sites\/373\/2024\/09\/IMG_0684-1024x722.jpeg 1024w, https:\/\/seal.transport-manager.net\/PikaaxYT\/wp-content\/uploads\/sites\/373\/2024\/09\/IMG_0684-300x211.jpeg 300w, https:\/\/seal.transport-manager.net\/PikaaxYT\/wp-content\/uploads\/sites\/373\/2024\/09\/IMG_0684-768x541.jpeg 768w, https:\/\/seal.transport-manager.net\/PikaaxYT\/wp-content\/uploads\/sites\/373\/2024\/09\/IMG_0684-1536x1083.jpeg 1536w, https:\/\/seal.transport-manager.net\/PikaaxYT\/wp-content\/uploads\/sites\/373\/2024\/09\/IMG_0684.jpeg 1887w\" sizes=\"auto, (max-width: 1024px) 100vw, 1024px\" \/><\/figure>\n","protected":false},"excerpt":{"rendered":"<p>Les Journ\u00e9es du Patrimoine se d\u00e9roulent ce week-end et le r\u00e9seau PBus a d\u00e9cid\u00e9 de mettre en place plusieurs actions Samedi 21 Septembre Visite guid\u00e9e du d\u00e9p\u00f4t de Denain La visite dure environ \u2248 2 heures Horaires Matin Apr\u00e8s-midi Venez montrer vos photos Venez montrer vos meilleures photos de nos [&hellip;]<\/p>\n","protected":false},"author":427,"featured_media":0,"comment_status":"open","ping_status":"open","sticky":false,"template":"","format":"standard","meta":{"footnotes":""},"categories":[6],"tags":[],"class_list":["post-222","post","type-post","status-publish","format-standard","hentry","category-divers"],"_links":{"self":[{"href":"https:\/\/seal.transport-manager.net\/PikaaxYT\/wp-json\/wp\/v2\/posts\/222","targetHints":{"allow":["GET"]}}],"collection":[{"href":"https:\/\/seal.transport-manager.net\/PikaaxYT\/wp-json\/wp\/v2\/posts"}],"about":[{"href":"https:\/\/seal.transport-manager.net\/PikaaxYT\/wp-json\/wp\/v2\/types\/post"}],"author":[{"embeddable":true,"href":"https:\/\/seal.transport-manager.net\/PikaaxYT\/wp-json\/wp\/v2\/users\/427"}],"replies":[{"embeddable":true,"href":"https:\/\/seal.transport-manager.net\/PikaaxYT\/wp-json\/wp\/v2\/comments?post=222"}],"version-history":[{"count":1,"href":"https:\/\/seal.transport-manager.net\/PikaaxYT\/wp-json\/wp\/v2\/posts\/222\/revisions"}],"predecessor-version":[{"id":224,"href":"https:\/\/seal.transport-manager.net\/PikaaxYT\/wp-json\/wp\/v2\/posts\/222\/revisions\/224"}],"wp:attachment":[{"href":"https:\/\/seal.transport-manager.net\/PikaaxYT\/wp-json\/wp\/v2\/media?parent=222"}],"wp:term":[{"taxonomy":"category","embeddable":true,"href":"https:\/\/seal.transport-manager.net\/PikaaxYT\/wp-json\/wp\/v2\/categories?post=222"},{"taxonomy":"post_tag","embeddable":true,"href":"https:\/\/seal.transport-manager.net\/PikaaxYT\/wp-json\/wp\/v2\/tags?post=222"}],"curies":[{"name":"wp","href":"https:\/\/api.w.org\/{rel}","templated":true}]}}