{"id":271,"date":"2024-11-17T12:27:37","date_gmt":"2024-11-17T11:27:37","guid":{"rendered":"https:\/\/seal.transport-manager.net\/PikaaxYT\/?p=271"},"modified":"2025-01-12T15:18:57","modified_gmt":"2025-01-12T14:18:57","slug":"changement-de-nom","status":"publish","type":"post","link":"https:\/\/seal.transport-manager.net\/PikaaxYT\/2024\/11\/17\/changement-de-nom\/","title":{"rendered":"Changement de nom"},"content":{"rendered":"\n<p>Le r\u00e9seau PBus change de nom et devient Denain Mobilit\u00e9s<\/p>\n\n\n\n<p>Pas de panique ! Les lignes ne changent pas, seules les fr\u00e9quences des lignes seront mises \u00e0 jour<\/p>\n\n\n\n<p>Voici le nouveau logo ainsi que la nouvelle livr\u00e9e du r\u00e9seau<\/p>\n\n\n\n<figure class=\"wp-block-gallery has-nested-images columns-default is-cropped wp-block-gallery-1 is-layout-flex wp-block-gallery-is-layout-flex\">\n<figure class=\"wp-block-image size-large\"><img loading=\"lazy\" decoding=\"async\" width=\"1024\" height=\"320\" data-id=\"298\" src=\"https:\/\/seal.transport-manager.net\/PikaaxYT\/wp-content\/uploads\/sites\/373\/2024\/11\/Sans-titre-3535_20241117122921-1024x320.png\" alt=\"\" class=\"wp-image-298\" srcset=\"https:\/\/seal.transport-manager.net\/PikaaxYT\/wp-content\/uploads\/sites\/373\/2024\/11\/Sans-titre-3535_20241117122921-1024x320.png 1024w, https:\/\/seal.transport-manager.net\/PikaaxYT\/wp-content\/uploads\/sites\/373\/2024\/11\/Sans-titre-3535_20241117122921-300x94.png 300w, https:\/\/seal.transport-manager.net\/PikaaxYT\/wp-content\/uploads\/sites\/373\/2024\/11\/Sans-titre-3535_20241117122921-768x240.png 768w, https:\/\/seal.transport-manager.net\/PikaaxYT\/wp-content\/uploads\/sites\/373\/2024\/11\/Sans-titre-3535_20241117122921-1536x480.png 1536w, https:\/\/seal.transport-manager.net\/PikaaxYT\/wp-content\/uploads\/sites\/373\/2024\/11\/Sans-titre-3535_20241117122921.png 1600w\" sizes=\"auto, (max-width: 1024px) 100vw, 1024px\" \/><\/figure>\n\n\n\n<figure class=\"wp-block-image size-large\"><img loading=\"lazy\" decoding=\"async\" width=\"1024\" height=\"307\" data-id=\"343\" src=\"https:\/\/seal.transport-manager.net\/PikaaxYT\/wp-content\/uploads\/sites\/373\/2025\/01\/IMG_1181-1024x307.jpeg\" alt=\"\" class=\"wp-image-343\" srcset=\"https:\/\/seal.transport-manager.net\/PikaaxYT\/wp-content\/uploads\/sites\/373\/2025\/01\/IMG_1181-1024x307.jpeg 1024w, https:\/\/seal.transport-manager.net\/PikaaxYT\/wp-content\/uploads\/sites\/373\/2025\/01\/IMG_1181-300x90.jpeg 300w, https:\/\/seal.transport-manager.net\/PikaaxYT\/wp-content\/uploads\/sites\/373\/2025\/01\/IMG_1181-768x230.jpeg 768w, https:\/\/seal.transport-manager.net\/PikaaxYT\/wp-content\/uploads\/sites\/373\/2025\/01\/IMG_1181-1536x461.jpeg 1536w, https:\/\/seal.transport-manager.net\/PikaaxYT\/wp-content\/uploads\/sites\/373\/2025\/01\/IMG_1181.jpeg 2048w\" sizes=\"auto, (max-width: 1024px) 100vw, 1024px\" \/><\/figure>\n<\/figure>\n","protected":false},"excerpt":{"rendered":"<p>Le r\u00e9seau PBus change de nom et devient Denain Mobilit\u00e9s Pas de panique ! Les lignes ne changent pas, seules les fr\u00e9quences des lignes seront mises \u00e0 jour Voici le nouveau logo ainsi que la nouvelle livr\u00e9e du r\u00e9seau<\/p>\n","protected":false},"author":427,"featured_media":0,"comment_status":"open","ping_status":"open","sticky":false,"template":"","format":"standard","meta":{"footnotes":""},"categories":[4],"tags":[],"class_list":["post-271","post","type-post","status-publish","format-standard","hentry","category-modif"],"_links":{"self":[{"href":"https:\/\/seal.transport-manager.net\/PikaaxYT\/wp-json\/wp\/v2\/posts\/271","targetHints":{"allow":["GET"]}}],"collection":[{"href":"https:\/\/seal.transport-manager.net\/PikaaxYT\/wp-json\/wp\/v2\/posts"}],"about":[{"href":"https:\/\/seal.transport-manager.net\/PikaaxYT\/wp-json\/wp\/v2\/types\/post"}],"author":[{"embeddable":true,"href":"https:\/\/seal.transport-manager.net\/PikaaxYT\/wp-json\/wp\/v2\/users\/427"}],"replies":[{"embeddable":true,"href":"https:\/\/seal.transport-manager.net\/PikaaxYT\/wp-json\/wp\/v2\/comments?post=271"}],"version-history":[{"count":3,"href":"https:\/\/seal.transport-manager.net\/PikaaxYT\/wp-json\/wp\/v2\/posts\/271\/revisions"}],"predecessor-version":[{"id":344,"href":"https:\/\/seal.transport-manager.net\/PikaaxYT\/wp-json\/wp\/v2\/posts\/271\/revisions\/344"}],"wp:attachment":[{"href":"https:\/\/seal.transport-manager.net\/PikaaxYT\/wp-json\/wp\/v2\/media?parent=271"}],"wp:term":[{"taxonomy":"category","embeddable":true,"href":"https:\/\/seal.transport-manager.net\/PikaaxYT\/wp-json\/wp\/v2\/categories?post=271"},{"taxonomy":"post_tag","embeddable":true,"href":"https:\/\/seal.transport-manager.net\/PikaaxYT\/wp-json\/wp\/v2\/tags?post=271"}],"curies":[{"name":"wp","href":"https:\/\/api.w.org\/{rel}","templated":true}]}}