{"id":285,"date":"2024-11-13T14:12:00","date_gmt":"2024-11-13T13:12:00","guid":{"rendered":"https:\/\/seal.transport-manager.net\/PikaaxYT\/?p=285"},"modified":"2024-11-17T13:34:40","modified_gmt":"2024-11-17T12:34:40","slug":"mise-en-service-de-la-ligne-813","status":"publish","type":"post","link":"https:\/\/seal.transport-manager.net\/PikaaxYT\/2024\/11\/13\/mise-en-service-de-la-ligne-813\/","title":{"rendered":"Mise en service de la ligne 813"},"content":{"rendered":"\n<p>La ligne 813 circulera \u00e0 partir du samedi 23 novembre jusqu&rsquo;au mardi 24 d\u00e9cembre inclus.<\/p>\n\n\n\n<p>La ligne 813 vous permet de vous rendre en bus au march\u00e9 de No\u00ebl de Denain, il est possible de faire une correspondance avec les lignes 1, 2, 3 et 4 \u00e0 l&rsquo;arr\u00eat Espace Villars et avec les lignes 6 et 7 \u00e0 l&rsquo;arr\u00eat Trarieux.<\/p>\n\n\n\n<p>Vous aurez l&rsquo;occasion d&rsquo;y croiser des v\u00e9hicules mus\u00e9es<\/p>\n\n\n\n<p>La ligne est gratuite<\/p>\n\n\n\n<figure class=\"wp-block-image size-full\"><img loading=\"lazy\" decoding=\"async\" width=\"798\" height=\"316\" src=\"https:\/\/seal.transport-manager.net\/PikaaxYT\/wp-content\/uploads\/sites\/373\/2024\/11\/IMG_0942.jpeg\" alt=\"\" class=\"wp-image-286\" srcset=\"https:\/\/seal.transport-manager.net\/PikaaxYT\/wp-content\/uploads\/sites\/373\/2024\/11\/IMG_0942.jpeg 798w, https:\/\/seal.transport-manager.net\/PikaaxYT\/wp-content\/uploads\/sites\/373\/2024\/11\/IMG_0942-300x119.jpeg 300w, https:\/\/seal.transport-manager.net\/PikaaxYT\/wp-content\/uploads\/sites\/373\/2024\/11\/IMG_0942-768x304.jpeg 768w\" sizes=\"auto, (max-width: 798px) 100vw, 798px\" \/><\/figure>\n\n\n\n<p>Les horaires sont disponibles dans la page Horaires<\/p>\n","protected":false},"excerpt":{"rendered":"<p>La ligne 813 circulera \u00e0 partir du samedi 23 novembre jusqu&rsquo;au mardi 24 d\u00e9cembre inclus. La ligne 813 vous permet de vous rendre en bus au march\u00e9 de No\u00ebl de Denain, il est possible de faire une correspondance avec les lignes 1, 2, 3 et 4 \u00e0 l&rsquo;arr\u00eat Espace Villars [&hellip;]<\/p>\n","protected":false},"author":427,"featured_media":0,"comment_status":"open","ping_status":"open","sticky":false,"template":"","format":"standard","meta":{"footnotes":""},"categories":[5],"tags":[],"class_list":["post-285","post","type-post","status-publish","format-standard","hentry","category-ligne-speciale"],"_links":{"self":[{"href":"https:\/\/seal.transport-manager.net\/PikaaxYT\/wp-json\/wp\/v2\/posts\/285","targetHints":{"allow":["GET"]}}],"collection":[{"href":"https:\/\/seal.transport-manager.net\/PikaaxYT\/wp-json\/wp\/v2\/posts"}],"about":[{"href":"https:\/\/seal.transport-manager.net\/PikaaxYT\/wp-json\/wp\/v2\/types\/post"}],"author":[{"embeddable":true,"href":"https:\/\/seal.transport-manager.net\/PikaaxYT\/wp-json\/wp\/v2\/users\/427"}],"replies":[{"embeddable":true,"href":"https:\/\/seal.transport-manager.net\/PikaaxYT\/wp-json\/wp\/v2\/comments?post=285"}],"version-history":[{"count":1,"href":"https:\/\/seal.transport-manager.net\/PikaaxYT\/wp-json\/wp\/v2\/posts\/285\/revisions"}],"predecessor-version":[{"id":287,"href":"https:\/\/seal.transport-manager.net\/PikaaxYT\/wp-json\/wp\/v2\/posts\/285\/revisions\/287"}],"wp:attachment":[{"href":"https:\/\/seal.transport-manager.net\/PikaaxYT\/wp-json\/wp\/v2\/media?parent=285"}],"wp:term":[{"taxonomy":"category","embeddable":true,"href":"https:\/\/seal.transport-manager.net\/PikaaxYT\/wp-json\/wp\/v2\/categories?post=285"},{"taxonomy":"post_tag","embeddable":true,"href":"https:\/\/seal.transport-manager.net\/PikaaxYT\/wp-json\/wp\/v2\/tags?post=285"}],"curies":[{"name":"wp","href":"https:\/\/api.w.org\/{rel}","templated":true}]}}