{"id":329,"date":"2024-12-27T15:36:30","date_gmt":"2024-12-27T14:36:30","guid":{"rendered":"https:\/\/seal.transport-manager.net\/PikaaxYT\/?p=329"},"modified":"2024-12-27T15:36:52","modified_gmt":"2024-12-27T14:36:52","slug":"mise-a-jour-des-horaires","status":"publish","type":"post","link":"https:\/\/seal.transport-manager.net\/PikaaxYT\/2024\/12\/27\/mise-a-jour-des-horaires\/","title":{"rendered":"Mise \u00e0 jour des horaires"},"content":{"rendered":"\n<figure class=\"wp-block-image size-large\"><img loading=\"lazy\" decoding=\"async\" width=\"1024\" height=\"576\" src=\"https:\/\/seal.transport-manager.net\/PikaaxYT\/wp-content\/uploads\/sites\/373\/2024\/12\/Sans-titre-3580_20241227153320-1024x576.png\" alt=\"\" class=\"wp-image-330\" srcset=\"https:\/\/seal.transport-manager.net\/PikaaxYT\/wp-content\/uploads\/sites\/373\/2024\/12\/Sans-titre-3580_20241227153320-1024x576.png 1024w, https:\/\/seal.transport-manager.net\/PikaaxYT\/wp-content\/uploads\/sites\/373\/2024\/12\/Sans-titre-3580_20241227153320-300x169.png 300w, https:\/\/seal.transport-manager.net\/PikaaxYT\/wp-content\/uploads\/sites\/373\/2024\/12\/Sans-titre-3580_20241227153320-768x432.png 768w, https:\/\/seal.transport-manager.net\/PikaaxYT\/wp-content\/uploads\/sites\/373\/2024\/12\/Sans-titre-3580_20241227153320-1536x864.png 1536w, https:\/\/seal.transport-manager.net\/PikaaxYT\/wp-content\/uploads\/sites\/373\/2024\/12\/Sans-titre-3580_20241227153320.png 1920w\" sizes=\"auto, (max-width: 1024px) 100vw, 1024px\" \/><\/figure>\n\n\n\n<p>\u00c0 partir d\u2019aujourd\u2019hui, les horaires des lignes ont \u00e9t\u00e9 modifi\u00e9s.<\/p>\n\n\n\n<p>Voici un r\u00e9sum\u00e9 rapide de ces modifications:<\/p>\n\n\n\n<p>\u2022 Les fr\u00e9quences ont \u00e9t\u00e9 augment\u00e9es<\/p>\n\n\n\n<p>\u2022 Les heures de pointe de l\u2019apr\u00e8s-midi commencent \u00e0 17h00 au lieu de 16h00<\/p>\n\n\n\n<p>\u2022 Les bus se terminent \u00e0 00h au lieu de 23h<\/p>\n\n\n\n<p><\/p>\n\n\n\n<p>Veuillez consulter les nouvelles horaires de vos lignes:<\/p>\n\n\n\n<div class=\"wp-block-buttons is-layout-flex wp-block-buttons-is-layout-flex\">\n<div class=\"wp-block-button\"><a class=\"wp-block-button__link wp-element-button\" href=\"https:\/\/seal.transport-manager.net\/PikaaxYT\/fiches-horaires\/\">Consulter les horaires<\/a><\/div>\n<\/div>\n","protected":false},"excerpt":{"rendered":"<p>\u00c0 partir d\u2019aujourd\u2019hui, les horaires des lignes ont \u00e9t\u00e9 modifi\u00e9s. Voici un r\u00e9sum\u00e9 rapide de ces modifications: \u2022 Les fr\u00e9quences ont \u00e9t\u00e9 augment\u00e9es \u2022 Les heures de pointe de l\u2019apr\u00e8s-midi commencent \u00e0 17h00 au lieu de 16h00 \u2022 Les bus se terminent \u00e0 00h au lieu de 23h Veuillez consulter [&hellip;]<\/p>\n","protected":false},"author":427,"featured_media":0,"comment_status":"open","ping_status":"open","sticky":false,"template":"","format":"standard","meta":{"footnotes":""},"categories":[4],"tags":[],"class_list":["post-329","post","type-post","status-publish","format-standard","hentry","category-modif"],"_links":{"self":[{"href":"https:\/\/seal.transport-manager.net\/PikaaxYT\/wp-json\/wp\/v2\/posts\/329","targetHints":{"allow":["GET"]}}],"collection":[{"href":"https:\/\/seal.transport-manager.net\/PikaaxYT\/wp-json\/wp\/v2\/posts"}],"about":[{"href":"https:\/\/seal.transport-manager.net\/PikaaxYT\/wp-json\/wp\/v2\/types\/post"}],"author":[{"embeddable":true,"href":"https:\/\/seal.transport-manager.net\/PikaaxYT\/wp-json\/wp\/v2\/users\/427"}],"replies":[{"embeddable":true,"href":"https:\/\/seal.transport-manager.net\/PikaaxYT\/wp-json\/wp\/v2\/comments?post=329"}],"version-history":[{"count":1,"href":"https:\/\/seal.transport-manager.net\/PikaaxYT\/wp-json\/wp\/v2\/posts\/329\/revisions"}],"predecessor-version":[{"id":331,"href":"https:\/\/seal.transport-manager.net\/PikaaxYT\/wp-json\/wp\/v2\/posts\/329\/revisions\/331"}],"wp:attachment":[{"href":"https:\/\/seal.transport-manager.net\/PikaaxYT\/wp-json\/wp\/v2\/media?parent=329"}],"wp:term":[{"taxonomy":"category","embeddable":true,"href":"https:\/\/seal.transport-manager.net\/PikaaxYT\/wp-json\/wp\/v2\/categories?post=329"},{"taxonomy":"post_tag","embeddable":true,"href":"https:\/\/seal.transport-manager.net\/PikaaxYT\/wp-json\/wp\/v2\/tags?post=329"}],"curies":[{"name":"wp","href":"https:\/\/api.w.org\/{rel}","templated":true}]}}