{"id":336,"date":"2025-01-08T18:09:53","date_gmt":"2025-01-08T17:09:53","guid":{"rendered":"https:\/\/seal.transport-manager.net\/PikaaxYT\/?p=336"},"modified":"2025-01-08T18:09:53","modified_gmt":"2025-01-08T17:09:53","slug":"circulation-du-9-janvier-2025","status":"publish","type":"post","link":"https:\/\/seal.transport-manager.net\/PikaaxYT\/2025\/01\/08\/circulation-du-9-janvier-2025\/","title":{"rendered":"Circulation du 9 Janvier 2025"},"content":{"rendered":"\n<figure class=\"wp-block-image size-large\"><img loading=\"lazy\" decoding=\"async\" width=\"1024\" height=\"576\" src=\"https:\/\/seal.transport-manager.net\/PikaaxYT\/wp-content\/uploads\/sites\/373\/2025\/01\/Sans-titre-3580_20250108180255-1024x576.png\" alt=\"\" class=\"wp-image-337\" srcset=\"https:\/\/seal.transport-manager.net\/PikaaxYT\/wp-content\/uploads\/sites\/373\/2025\/01\/Sans-titre-3580_20250108180255-1024x576.png 1024w, https:\/\/seal.transport-manager.net\/PikaaxYT\/wp-content\/uploads\/sites\/373\/2025\/01\/Sans-titre-3580_20250108180255-300x169.png 300w, https:\/\/seal.transport-manager.net\/PikaaxYT\/wp-content\/uploads\/sites\/373\/2025\/01\/Sans-titre-3580_20250108180255-768x432.png 768w, https:\/\/seal.transport-manager.net\/PikaaxYT\/wp-content\/uploads\/sites\/373\/2025\/01\/Sans-titre-3580_20250108180255-1536x864.png 1536w, https:\/\/seal.transport-manager.net\/PikaaxYT\/wp-content\/uploads\/sites\/373\/2025\/01\/Sans-titre-3580_20250108180255.png 1920w\" sizes=\"auto, (max-width: 1024px) 100vw, 1024px\" \/><\/figure>\n\n\n\n<p>Le r\u00e9seau Denain Mobilit\u00e9s circulera normalement ce jeudi 9 janvier<\/p>\n\n\n\n<p>Des perturbations li\u00e9es \u00e0 la neige pourraient \u00eatre pr\u00e9vues entre 9h et le milieu d\u2019apr\u00e8s-midi.<\/p>\n\n\n\n<p>L\u2019info trafic en direct est disponible sur notre compte X: @DenainMobilites<\/p>\n","protected":false},"excerpt":{"rendered":"<p>Le r\u00e9seau Denain Mobilit\u00e9s circulera normalement ce jeudi 9 janvier Des perturbations li\u00e9es \u00e0 la neige pourraient \u00eatre pr\u00e9vues entre 9h et le milieu d\u2019apr\u00e8s-midi. L\u2019info trafic en direct est disponible sur notre compte X: @DenainMobilites<\/p>\n","protected":false},"author":427,"featured_media":0,"comment_status":"open","ping_status":"open","sticky":false,"template":"","format":"standard","meta":{"footnotes":""},"categories":[6],"tags":[],"class_list":["post-336","post","type-post","status-publish","format-standard","hentry","category-divers"],"_links":{"self":[{"href":"https:\/\/seal.transport-manager.net\/PikaaxYT\/wp-json\/wp\/v2\/posts\/336","targetHints":{"allow":["GET"]}}],"collection":[{"href":"https:\/\/seal.transport-manager.net\/PikaaxYT\/wp-json\/wp\/v2\/posts"}],"about":[{"href":"https:\/\/seal.transport-manager.net\/PikaaxYT\/wp-json\/wp\/v2\/types\/post"}],"author":[{"embeddable":true,"href":"https:\/\/seal.transport-manager.net\/PikaaxYT\/wp-json\/wp\/v2\/users\/427"}],"replies":[{"embeddable":true,"href":"https:\/\/seal.transport-manager.net\/PikaaxYT\/wp-json\/wp\/v2\/comments?post=336"}],"version-history":[{"count":1,"href":"https:\/\/seal.transport-manager.net\/PikaaxYT\/wp-json\/wp\/v2\/posts\/336\/revisions"}],"predecessor-version":[{"id":338,"href":"https:\/\/seal.transport-manager.net\/PikaaxYT\/wp-json\/wp\/v2\/posts\/336\/revisions\/338"}],"wp:attachment":[{"href":"https:\/\/seal.transport-manager.net\/PikaaxYT\/wp-json\/wp\/v2\/media?parent=336"}],"wp:term":[{"taxonomy":"category","embeddable":true,"href":"https:\/\/seal.transport-manager.net\/PikaaxYT\/wp-json\/wp\/v2\/categories?post=336"},{"taxonomy":"post_tag","embeddable":true,"href":"https:\/\/seal.transport-manager.net\/PikaaxYT\/wp-json\/wp\/v2\/tags?post=336"}],"curies":[{"name":"wp","href":"https:\/\/api.w.org\/{rel}","templated":true}]}}