{"id":349,"date":"2025-01-12T21:21:16","date_gmt":"2025-01-12T20:21:16","guid":{"rendered":"https:\/\/seal.transport-manager.net\/PikaaxYT\/?p=349"},"modified":"2025-01-12T21:21:17","modified_gmt":"2025-01-12T20:21:17","slug":"decouvrez-la-phase-3-du-reseau","status":"publish","type":"post","link":"https:\/\/seal.transport-manager.net\/PikaaxYT\/2025\/01\/12\/decouvrez-la-phase-3-du-reseau\/","title":{"rendered":"D\u00e9couvrez la phase 3 du r\u00e9seau"},"content":{"rendered":"\n<figure class=\"wp-block-image size-large\"><img loading=\"lazy\" decoding=\"async\" width=\"1024\" height=\"576\" src=\"https:\/\/seal.transport-manager.net\/PikaaxYT\/wp-content\/uploads\/sites\/373\/2025\/01\/Sans-titre-3581_20250112211548-1024x576.png\" alt=\"\" class=\"wp-image-366\" srcset=\"https:\/\/seal.transport-manager.net\/PikaaxYT\/wp-content\/uploads\/sites\/373\/2025\/01\/Sans-titre-3581_20250112211548-1024x576.png 1024w, https:\/\/seal.transport-manager.net\/PikaaxYT\/wp-content\/uploads\/sites\/373\/2025\/01\/Sans-titre-3581_20250112211548-300x169.png 300w, https:\/\/seal.transport-manager.net\/PikaaxYT\/wp-content\/uploads\/sites\/373\/2025\/01\/Sans-titre-3581_20250112211548-768x432.png 768w, https:\/\/seal.transport-manager.net\/PikaaxYT\/wp-content\/uploads\/sites\/373\/2025\/01\/Sans-titre-3581_20250112211548-1536x864.png 1536w, https:\/\/seal.transport-manager.net\/PikaaxYT\/wp-content\/uploads\/sites\/373\/2025\/01\/Sans-titre-3581_20250112211548.png 1920w\" sizes=\"auto, (max-width: 1024px) 100vw, 1024px\" \/><\/figure>\n\n\n\n<p><br>Apr\u00e8s l\u2019ouverture des 4 premi\u00e8res lignes du r\u00e9seau en fin d\u2019ann\u00e9e 2023 (phase 1)<\/p>\n\n\n\n<p>Apr\u00e8s l\u2019extension du r\u00e9seau durant l\u2019\u00e9t\u00e9 2024 (phase 2)<\/p>\n\n\n\n<p>Le r\u00e9seau Denain Mobilit\u00e9s ouvrira en septembre 2025 une \u00e8re nouvelle: la phase 3<br><br><strong>L\u2019arriv\u00e9e du BHNS<\/strong><\/p>\n\n\n\n<p>Les lignes 2 et 3 deviendront des lignes BHNS et seront nomm\u00e9es Lianes 2 et 3. \u00c0 cette occasion la ligne 2 sera exploit\u00e9e avec des bus articul\u00e9s BHNS neufs au GNV et la ligne 3 avec des bus standard BHNS neufs au GNV<\/p>\n\n\n\n<p>Voici la livr\u00e9e de la Liane 2<\/p>\n\n\n\n<figure class=\"wp-block-image size-large\"><img loading=\"lazy\" decoding=\"async\" width=\"1024\" height=\"198\" src=\"https:\/\/seal.transport-manager.net\/PikaaxYT\/wp-content\/uploads\/sites\/373\/2025\/01\/Sans-titre-3584_20250112210532-1024x198.png\" alt=\"\" class=\"wp-image-361\" srcset=\"https:\/\/seal.transport-manager.net\/PikaaxYT\/wp-content\/uploads\/sites\/373\/2025\/01\/Sans-titre-3584_20250112210532-1024x198.png 1024w, https:\/\/seal.transport-manager.net\/PikaaxYT\/wp-content\/uploads\/sites\/373\/2025\/01\/Sans-titre-3584_20250112210532-300x58.png 300w, https:\/\/seal.transport-manager.net\/PikaaxYT\/wp-content\/uploads\/sites\/373\/2025\/01\/Sans-titre-3584_20250112210532-768x148.png 768w, https:\/\/seal.transport-manager.net\/PikaaxYT\/wp-content\/uploads\/sites\/373\/2025\/01\/Sans-titre-3584_20250112210532-1536x297.png 1536w, https:\/\/seal.transport-manager.net\/PikaaxYT\/wp-content\/uploads\/sites\/373\/2025\/01\/Sans-titre-3584_20250112210532-2048x396.png 2048w\" sizes=\"auto, (max-width: 1024px) 100vw, 1024px\" \/><\/figure>\n\n\n\n<p>Voici la livr\u00e9e de la Liane 3<\/p>\n\n\n\n<figure class=\"wp-block-image size-large\"><img loading=\"lazy\" decoding=\"async\" width=\"1024\" height=\"289\" src=\"https:\/\/seal.transport-manager.net\/PikaaxYT\/wp-content\/uploads\/sites\/373\/2025\/01\/Sans-titre-3585_20250112211407-1024x289.png\" alt=\"\" class=\"wp-image-365\" srcset=\"https:\/\/seal.transport-manager.net\/PikaaxYT\/wp-content\/uploads\/sites\/373\/2025\/01\/Sans-titre-3585_20250112211407-1024x289.png 1024w, https:\/\/seal.transport-manager.net\/PikaaxYT\/wp-content\/uploads\/sites\/373\/2025\/01\/Sans-titre-3585_20250112211407-300x85.png 300w, https:\/\/seal.transport-manager.net\/PikaaxYT\/wp-content\/uploads\/sites\/373\/2025\/01\/Sans-titre-3585_20250112211407-768x216.png 768w, https:\/\/seal.transport-manager.net\/PikaaxYT\/wp-content\/uploads\/sites\/373\/2025\/01\/Sans-titre-3585_20250112211407-1536x433.png 1536w, https:\/\/seal.transport-manager.net\/PikaaxYT\/wp-content\/uploads\/sites\/373\/2025\/01\/Sans-titre-3585_20250112211407-2048x577.png 2048w\" sizes=\"auto, (max-width: 1024px) 100vw, 1024px\" \/><\/figure>\n\n\n\n<p>Les fr\u00e9quences seront renforc\u00e9es sur les lignes 1, 4 et 7<\/p>\n\n\n\n<p>La ligne 5 sera exploit\u00e9e avec les anciens articul\u00e9s de la ligne 2<\/p>\n\n\n\n<p><strong>Nouvelles lignes<\/strong><\/p>\n\n\n\n<p>Ligne <mark style=\"background-color:#fcdfff\" class=\"has-inline-color\">8<\/mark>: Une ligne pour relier les deux Lianes<\/p>\n\n\n\n<p>Cette ligne relie Lourches \u00e0 Rouvignies en passant par Douchy-les-Mines<\/p>\n\n\n\n<p>Cette ligne sera exploit\u00e9e avec les standards circulant actuellement sur la ligne 3<\/p>\n\n\n\n<p>Ouverture estim\u00e9e: septembre 2025<\/p>\n\n\n\n<p>Ligne <mark style=\"background-color:#20007a\" class=\"has-inline-color has-white-color\">9<\/mark>: Une ligne pour relier Neuville-sur-Escaut \u00e0 Abscon<\/p>\n\n\n\n<p>Cette ligne sera exploit\u00e9e avec des standards au GNV<\/p>\n\n\n\n<p>Ouverture estim\u00e9e: fin 2025<\/p>\n\n\n\n<p>Ligne <mark style=\"background-color:#ebe000\" class=\"has-inline-color\">10<\/mark>: La 1\u00e8re ligne qui dessert le Cambr\u00e9sis<\/p>\n\n\n\n<p>Cette ligne relie Neuville-sur-Escaut \u00e0 Paillencourt<\/p>\n\n\n\n<p>Cette ligne sera exploit\u00e9e avec des bus articul\u00e9s \u00e9lectriques<\/p>\n\n\n\n<p>Ouverture estim\u00e9e: milieu d\u2019ann\u00e9e 2026<\/p>\n\n\n\n<p>Ligne <mark style=\"background-color:#21004c\" class=\"has-inline-color has-white-color\">11<\/mark>: Une ligne pour raccorder l\u2019est de Douchy-les-Mines \u00e0 la Liane 3<\/p>\n\n\n\n<p>Cette ligne desservira 3 nouveaux arr\u00eats<\/p>\n\n\n\n<p>Cette ligne sera exploit\u00e9e avec les bus standards qui circulent actuellement sur la ligne 5<\/p>\n\n\n\n<p>Ouverture estim\u00e9e: septembre 2025<\/p>\n\n\n\n<p>Ligne <mark style=\"background-color:#09eeee\" class=\"has-inline-color\">60<\/mark>: Une ligne pour compl\u00e9ter la desserte de Lieu-Saint-Amand<\/p>\n\n\n\n<p>Cette ligne sera exploit\u00e9e avec des minibus \u00e9lectriques<\/p>\n\n\n\n<p>Ouverture estim\u00e9e: fin 2025<\/p>\n\n\n\n<p>Ligne <mark style=\"background-color:#010b78\" class=\"has-inline-color has-white-color\">61<\/mark>: Noyelles &#8211; Denain mais en express<\/p>\n\n\n\n<p>Cette ligne relie Noyelles-sur-Selle \u00e0 Denain (arr\u00eat Bellevue, desservi par la Liane 3)<\/p>\n\n\n\n<p>Ouverture estim\u00e9e: fin 2025<\/p>\n\n\n\n<p><strong>Le transport \u00e0 la demande<\/strong><\/p>\n\n\n\n<p>Autre r\u00e9volution de la phase 3, le transport \u00e0 la demande permet de r\u00e9server un minibus dans les territoires o\u00f9 il n\u2019y a pas de bus.<\/p>\n\n\n\n<p>Ce service devrait ouvrir en septembre 2025<\/p>\n\n\n\n<p>Il existera lors de la phase 3 deux circuits de TAD:<\/p>\n\n\n\n<p>Ligne TAD <mark style=\"background-color:#6e027d\" class=\"has-inline-color has-white-color\">901<\/mark>: Abscon Les 2 Fermes (Terminus de la ligne 9) &lt;&gt; Somain H\u00f4pital via l\u2019itin\u00e9raire de la ligne r\u00e9gionale 811<\/p>\n\n\n\n<p>Ligne TAD <mark style=\"background-color:#c8c3c3\" class=\"has-inline-color has-white-color\">902<\/mark>: \u00c9bouviers (Arr\u00eat de la ligne 10) &lt;&gt; Wasnes-au-Bac Mairie via Wavrechain-sous-Faulx<\/p>\n\n\n\n<p><\/p>\n","protected":false},"excerpt":{"rendered":"<p>Apr\u00e8s l\u2019ouverture des 4 premi\u00e8res lignes du r\u00e9seau en fin d\u2019ann\u00e9e 2023 (phase 1) Apr\u00e8s l\u2019extension du r\u00e9seau durant l\u2019\u00e9t\u00e9 2024 (phase 2) Le r\u00e9seau Denain Mobilit\u00e9s ouvrira en septembre 2025 une \u00e8re nouvelle: la phase 3 L\u2019arriv\u00e9e du BHNS Les lignes 2 et 3 deviendront des lignes BHNS et [&hellip;]<\/p>\n","protected":false},"author":427,"featured_media":0,"comment_status":"open","ping_status":"open","sticky":false,"template":"","format":"standard","meta":{"footnotes":""},"categories":[4],"tags":[],"class_list":["post-349","post","type-post","status-publish","format-standard","hentry","category-modif"],"_links":{"self":[{"href":"https:\/\/seal.transport-manager.net\/PikaaxYT\/wp-json\/wp\/v2\/posts\/349","targetHints":{"allow":["GET"]}}],"collection":[{"href":"https:\/\/seal.transport-manager.net\/PikaaxYT\/wp-json\/wp\/v2\/posts"}],"about":[{"href":"https:\/\/seal.transport-manager.net\/PikaaxYT\/wp-json\/wp\/v2\/types\/post"}],"author":[{"embeddable":true,"href":"https:\/\/seal.transport-manager.net\/PikaaxYT\/wp-json\/wp\/v2\/users\/427"}],"replies":[{"embeddable":true,"href":"https:\/\/seal.transport-manager.net\/PikaaxYT\/wp-json\/wp\/v2\/comments?post=349"}],"version-history":[{"count":8,"href":"https:\/\/seal.transport-manager.net\/PikaaxYT\/wp-json\/wp\/v2\/posts\/349\/revisions"}],"predecessor-version":[{"id":368,"href":"https:\/\/seal.transport-manager.net\/PikaaxYT\/wp-json\/wp\/v2\/posts\/349\/revisions\/368"}],"wp:attachment":[{"href":"https:\/\/seal.transport-manager.net\/PikaaxYT\/wp-json\/wp\/v2\/media?parent=349"}],"wp:term":[{"taxonomy":"category","embeddable":true,"href":"https:\/\/seal.transport-manager.net\/PikaaxYT\/wp-json\/wp\/v2\/categories?post=349"},{"taxonomy":"post_tag","embeddable":true,"href":"https:\/\/seal.transport-manager.net\/PikaaxYT\/wp-json\/wp\/v2\/tags?post=349"}],"curies":[{"name":"wp","href":"https:\/\/api.w.org\/{rel}","templated":true}]}}