{"id":375,"date":"2025-03-16T12:22:10","date_gmt":"2025-03-16T11:22:10","guid":{"rendered":"https:\/\/seal.transport-manager.net\/PikaaxYT\/?p=375"},"modified":"2025-03-16T12:26:32","modified_gmt":"2025-03-16T11:26:32","slug":"perturbations-du-20-03-grand-prix-de-denain","status":"publish","type":"post","link":"https:\/\/seal.transport-manager.net\/PikaaxYT\/2025\/03\/16\/perturbations-du-20-03-grand-prix-de-denain\/","title":{"rendered":"Perturbations du 20\/03 (Grand Prix de Denain)"},"content":{"rendered":"\n<figure class=\"wp-block-image size-large\"><img loading=\"lazy\" decoding=\"async\" width=\"1024\" height=\"576\" src=\"https:\/\/seal.transport-manager.net\/PikaaxYT\/wp-content\/uploads\/sites\/373\/2025\/03\/Sans-titre-3580_20250316122329-1024x576.png\" alt=\"\" class=\"wp-image-377\" srcset=\"https:\/\/seal.transport-manager.net\/PikaaxYT\/wp-content\/uploads\/sites\/373\/2025\/03\/Sans-titre-3580_20250316122329-1024x576.png 1024w, https:\/\/seal.transport-manager.net\/PikaaxYT\/wp-content\/uploads\/sites\/373\/2025\/03\/Sans-titre-3580_20250316122329-300x169.png 300w, https:\/\/seal.transport-manager.net\/PikaaxYT\/wp-content\/uploads\/sites\/373\/2025\/03\/Sans-titre-3580_20250316122329-768x432.png 768w, https:\/\/seal.transport-manager.net\/PikaaxYT\/wp-content\/uploads\/sites\/373\/2025\/03\/Sans-titre-3580_20250316122329-1536x864.png 1536w, https:\/\/seal.transport-manager.net\/PikaaxYT\/wp-content\/uploads\/sites\/373\/2025\/03\/Sans-titre-3580_20250316122329.png 1920w\" sizes=\"auto, (max-width: 1024px) 100vw, 1024px\" \/><\/figure>\n\n\n\n<p><strong><strong>Ligne 1<\/strong><\/strong><\/p>\n\n\n\n<p><span style=\"text-decoration: underline\">Mercredi 19\/03 et Jeudi 20\/03 de 5h \u00e0 9h et de 17h \u00e0 00h<\/span><\/p>\n\n\n\n<p>L\u2019arr\u00eat LYC\u00c9E POLYVALENT est report\u00e9 \u00e0 l\u2019arr\u00eat ESPACE VILLARS<\/p>\n\n\n\n<p><span style=\"text-decoration: underline\">Jeudi 20\/03 de 9h \u00e0 17h<\/span><\/p>\n\n\n\n<p>La ligne ne circule qu\u2019entre NEUVILLE CIMETI\u00c8RE et BOCCA<\/p>\n\n\n\n<p>Les arr\u00eats SAINT P\u00c9, PONT DE L\u2019ENCLOS, LYC\u00c9E POLYVALENT et ESPACE VILLARS ne seront pas desservis<\/p>\n\n\n\n<p><strong>Ligne 2<\/strong><\/p>\n\n\n\n<p><span style=\"text-decoration: underline\">Jeudi 20\/03 de 9h \u00e0 17h<\/span><\/p>\n\n\n\n<p>Les arr\u00eats ORLEANS, BAUDIN, BESSEMER,&nbsp;NERVO, LOURCHES CHAPELLE, COLLEGE VOLTAIRE et LOURCHES EGLISE&nbsp;sont report\u00e9s aux arr\u00eats&nbsp;MERRHEIM, CAMBR\u00c9SIS&nbsp;et \u00bc DE 6 HEURES&nbsp;du r\u00e9seau Transvilles<\/p>\n\n\n\n<p><strong>Ligne 3<\/strong><\/p>\n\n\n\n<p><span style=\"text-decoration: underline\">Jeudi 20\/03 de 9h \u00e0 17h<\/span><\/p>\n\n\n\n<p>Les arr\u00eats ESPACE VILLARS, MOUSSERON, PIERRE BERIOT, TAFFIN, GARE DU NORD, JAUR\u00c8S et DENAIN H\u00d4PITAL seront report\u00e9s \u00e0 l\u2019arr\u00eat TRARIEUX des lignes 6 et 7<\/p>\n\n\n\n<p><strong>Ligne 4<\/strong><\/p>\n\n\n\n<p><span style=\"text-decoration: underline\">Mercredi 19\/03 et Jeudi 20\/03 de 5h \u00e0 9h et de 17h \u00e0 00h<\/span><\/p>\n\n\n\n<p>L\u2019arr\u00eat LYC\u00c9E POLYVALENT est report\u00e9 \u00e0 l\u2019arr\u00eat ESPACE VILLARS<\/p>\n\n\n\n<p><span style=\"text-decoration: underline\">Jeudi 20\/03 de 9h \u00e0 17h<\/span><\/p>\n\n\n\n<p>Les arr\u00eats ESPACE VILLARS et LYC\u00c9E POLYVALENT sont report\u00e9s \u00e0 l\u2019arr\u00eat PONT DE L\u2019ENCLOS<\/p>\n\n\n\n<p><strong>Ligne 5<\/strong><\/p>\n\n\n\n<p>Aucune perturbation<\/p>\n\n\n\n<p><strong>Ligne 6<\/strong><\/p>\n\n\n\n<p>Aucune perturbation<\/p>\n\n\n\n<p><strong>Ligne 7<\/strong><br><span style=\"text-decoration: underline\">Mercredi 19\/03 et Jeudi 20\/03 toute la journ\u00e9e<\/span><\/p>\n\n\n\n<p>L\u2019arr\u00eat LYC\u00c9E POLYVALENT est report\u00e9 \u00e0 l\u2019arr\u00eat PONT DE L\u2019ENCLOS de la ligne 6<\/p>\n\n\n\n<p>L\u2019arr\u00eat ESPACE VILLARS (report de l\u2019arr\u00eat TRARIEUX) sera report\u00e9 \u00e0 l\u2019arr\u00eat TRARIEUX puisque la ligne empruntera l\u2019itin\u00e9raire de la ligne 6<\/p>\n\n\n\n<p><\/p>\n","protected":false},"excerpt":{"rendered":"<p>Ligne 1 Mercredi 19\/03 et Jeudi 20\/03 de 5h \u00e0 9h et de 17h \u00e0 00h L\u2019arr\u00eat LYC\u00c9E POLYVALENT est report\u00e9 \u00e0 l\u2019arr\u00eat ESPACE VILLARS Jeudi 20\/03 de 9h \u00e0 17h La ligne ne circule qu\u2019entre NEUVILLE CIMETI\u00c8RE et BOCCA Les arr\u00eats SAINT P\u00c9, PONT DE L\u2019ENCLOS, LYC\u00c9E POLYVALENT et [&hellip;]<\/p>\n","protected":false},"author":427,"featured_media":0,"comment_status":"open","ping_status":"open","sticky":false,"template":"","format":"standard","meta":{"footnotes":""},"categories":[6],"tags":[],"class_list":["post-375","post","type-post","status-publish","format-standard","hentry","category-divers"],"_links":{"self":[{"href":"https:\/\/seal.transport-manager.net\/PikaaxYT\/wp-json\/wp\/v2\/posts\/375","targetHints":{"allow":["GET"]}}],"collection":[{"href":"https:\/\/seal.transport-manager.net\/PikaaxYT\/wp-json\/wp\/v2\/posts"}],"about":[{"href":"https:\/\/seal.transport-manager.net\/PikaaxYT\/wp-json\/wp\/v2\/types\/post"}],"author":[{"embeddable":true,"href":"https:\/\/seal.transport-manager.net\/PikaaxYT\/wp-json\/wp\/v2\/users\/427"}],"replies":[{"embeddable":true,"href":"https:\/\/seal.transport-manager.net\/PikaaxYT\/wp-json\/wp\/v2\/comments?post=375"}],"version-history":[{"count":3,"href":"https:\/\/seal.transport-manager.net\/PikaaxYT\/wp-json\/wp\/v2\/posts\/375\/revisions"}],"predecessor-version":[{"id":379,"href":"https:\/\/seal.transport-manager.net\/PikaaxYT\/wp-json\/wp\/v2\/posts\/375\/revisions\/379"}],"wp:attachment":[{"href":"https:\/\/seal.transport-manager.net\/PikaaxYT\/wp-json\/wp\/v2\/media?parent=375"}],"wp:term":[{"taxonomy":"category","embeddable":true,"href":"https:\/\/seal.transport-manager.net\/PikaaxYT\/wp-json\/wp\/v2\/categories?post=375"},{"taxonomy":"post_tag","embeddable":true,"href":"https:\/\/seal.transport-manager.net\/PikaaxYT\/wp-json\/wp\/v2\/tags?post=375"}],"curies":[{"name":"wp","href":"https:\/\/api.w.org\/{rel}","templated":true}]}}