{"id":399,"date":"2025-08-05T16:15:55","date_gmt":"2025-08-05T14:15:55","guid":{"rendered":"https:\/\/seal.transport-manager.net\/PikaaxYT\/?p=399"},"modified":"2025-08-05T16:15:56","modified_gmt":"2025-08-05T14:15:56","slug":"nouveau-reseau","status":"publish","type":"post","link":"https:\/\/seal.transport-manager.net\/PikaaxYT\/2025\/08\/05\/nouveau-reseau\/","title":{"rendered":"Nouveau r\u00e9seau"},"content":{"rendered":"\n<figure class=\"wp-block-image size-large\"><img loading=\"lazy\" decoding=\"async\" width=\"1024\" height=\"576\" src=\"https:\/\/seal.transport-manager.net\/PikaaxYT\/wp-content\/uploads\/sites\/373\/2025\/08\/Sans-titre-3580_20250805161109-1024x576.jpeg\" alt=\"\" class=\"wp-image-400\" srcset=\"https:\/\/seal.transport-manager.net\/PikaaxYT\/wp-content\/uploads\/sites\/373\/2025\/08\/Sans-titre-3580_20250805161109-1024x576.jpeg 1024w, https:\/\/seal.transport-manager.net\/PikaaxYT\/wp-content\/uploads\/sites\/373\/2025\/08\/Sans-titre-3580_20250805161109-300x169.jpeg 300w, https:\/\/seal.transport-manager.net\/PikaaxYT\/wp-content\/uploads\/sites\/373\/2025\/08\/Sans-titre-3580_20250805161109-768x432.jpeg 768w, https:\/\/seal.transport-manager.net\/PikaaxYT\/wp-content\/uploads\/sites\/373\/2025\/08\/Sans-titre-3580_20250805161109-1536x864.jpeg 1536w, https:\/\/seal.transport-manager.net\/PikaaxYT\/wp-content\/uploads\/sites\/373\/2025\/08\/Sans-titre-3580_20250805161109.jpeg 1920w\" sizes=\"auto, (max-width: 1024px) 100vw, 1024px\" \/><\/figure>\n\n\n\n<p>D\u00e8s le 1er septembre 2025, un nouveau r\u00e9seau* sera mis en place afin d\u2019am\u00e9liorer la desserte du territoire.<\/p>\n\n\n\n<p>Veuillez prendre connaissance des nouvelles lignes gr\u00e2ce au plan interactif ci-dessous<\/p>\n\n\n\n<div class=\"wp-block-buttons is-layout-flex wp-block-buttons-is-layout-flex\">\n<div class=\"wp-block-button\"><a class=\"wp-block-button__link wp-element-button\" href=\"https:\/\/metrodreamin.com\/view\/N0tKS3BQbXNSUGRESko2NlJlZVpjYVlnOEY2M3wyMg%3D%3D\">Plan interactif<\/a><\/div>\n<\/div>\n\n\n\n<p>*Les lignes 8 \u00e0 11, 60, 11, 901 et 902 font partie de la Phase 3 du r\u00e9seau, merci de consulter la page \u00ab\u00a0D\u00e9couvrez la phase 3 du r\u00e9seau\u00a0\u00bb afin de conna\u00eetre leur date d\u2019ouverture<\/p>\n","protected":false},"excerpt":{"rendered":"<p>D\u00e8s le 1er septembre 2025, un nouveau r\u00e9seau* sera mis en place afin d\u2019am\u00e9liorer la desserte du territoire. Veuillez prendre connaissance des nouvelles lignes gr\u00e2ce au plan interactif ci-dessous *Les lignes 8 \u00e0 11, 60, 11, 901 et 902 font partie de la Phase 3 du r\u00e9seau, merci de consulter [&hellip;]<\/p>\n","protected":false},"author":427,"featured_media":0,"comment_status":"open","ping_status":"open","sticky":false,"template":"","format":"standard","meta":{"footnotes":""},"categories":[4],"tags":[],"class_list":["post-399","post","type-post","status-publish","format-standard","hentry","category-modif"],"_links":{"self":[{"href":"https:\/\/seal.transport-manager.net\/PikaaxYT\/wp-json\/wp\/v2\/posts\/399","targetHints":{"allow":["GET"]}}],"collection":[{"href":"https:\/\/seal.transport-manager.net\/PikaaxYT\/wp-json\/wp\/v2\/posts"}],"about":[{"href":"https:\/\/seal.transport-manager.net\/PikaaxYT\/wp-json\/wp\/v2\/types\/post"}],"author":[{"embeddable":true,"href":"https:\/\/seal.transport-manager.net\/PikaaxYT\/wp-json\/wp\/v2\/users\/427"}],"replies":[{"embeddable":true,"href":"https:\/\/seal.transport-manager.net\/PikaaxYT\/wp-json\/wp\/v2\/comments?post=399"}],"version-history":[{"count":2,"href":"https:\/\/seal.transport-manager.net\/PikaaxYT\/wp-json\/wp\/v2\/posts\/399\/revisions"}],"predecessor-version":[{"id":402,"href":"https:\/\/seal.transport-manager.net\/PikaaxYT\/wp-json\/wp\/v2\/posts\/399\/revisions\/402"}],"wp:attachment":[{"href":"https:\/\/seal.transport-manager.net\/PikaaxYT\/wp-json\/wp\/v2\/media?parent=399"}],"wp:term":[{"taxonomy":"category","embeddable":true,"href":"https:\/\/seal.transport-manager.net\/PikaaxYT\/wp-json\/wp\/v2\/categories?post=399"},{"taxonomy":"post_tag","embeddable":true,"href":"https:\/\/seal.transport-manager.net\/PikaaxYT\/wp-json\/wp\/v2\/tags?post=399"}],"curies":[{"name":"wp","href":"https:\/\/api.w.org\/{rel}","templated":true}]}}