{"id":409,"date":"2025-08-05T16:55:12","date_gmt":"2025-08-05T14:55:12","guid":{"rendered":"https:\/\/seal.transport-manager.net\/PikaaxYT\/?p=409"},"modified":"2025-08-05T16:55:13","modified_gmt":"2025-08-05T14:55:13","slug":"ma-ligne-ne-passe-plus-mon-arret-comment-me-deplacer","status":"publish","type":"post","link":"https:\/\/seal.transport-manager.net\/PikaaxYT\/2025\/08\/05\/ma-ligne-ne-passe-plus-mon-arret-comment-me-deplacer\/","title":{"rendered":"Ma ligne ne passe plus mon arr\u00eat, comment me d\u00e9placer ?"},"content":{"rendered":"\n<p>Suite au nouveau r\u00e9seau qui sera lanc\u00e9 le 1er septembre, certains arr\u00eats verront leur desserte modifi\u00e9e ou supprim\u00e9e.<\/p>\n\n\n\n<p><strong>Ligne 1<\/strong><\/p>\n\n\n\n<p>La ligne 1 sera int\u00e9gralement reprise par la nouvelle ligne 2<\/p>\n\n\n\n<p><strong>Ligne 2<\/strong><\/p>\n\n\n\n<p>La desserte de Lourches, Roeulx et Mastaing sera reprise par la ligne 7.<\/p>\n\n\n\n<p>Le centre de Bouchain est desservi par la <a href=\"https:\/\/storage.googleapis.com\/is-wp-14-prod\/uploads-prod\/2024\/07\/L101_0424_4v.pdf\" data-type=\"link\" data-id=\"https:\/\/storage.googleapis.com\/is-wp-14-prod\/uploads-prod\/2024\/07\/L101_0424_4v.pdf\">ligne 101 du r\u00e9seau Transvilles<\/a><\/p>\n\n\n\n<p>Les <a href=\"https:\/\/storage.googleapis.com\/is-wp-14-prod\/uploads-prod\/2024\/06\/L04_0424_7v.pdf\" data-type=\"link\" data-id=\"https:\/\/storage.googleapis.com\/is-wp-14-prod\/uploads-prod\/2024\/06\/L04_0424_7v.pdf\">lignes 4<\/a> et 101 du r\u00e9seau Transvilles peuvent apporter un compl\u00e9ment de desserte entre Mastaing et Denain<\/p>\n\n\n\n<p><strong>Ligne 3<\/strong><\/p>\n\n\n\n<p>Les arr\u00eats Pierre Beriot, Taffin, Gare du Nord, Jaur\u00e8s, Chabaud Latour et Bellevue seront desservis par la ligne 7.<\/p>\n\n\n\n<p>Les arr\u00eats Espace Villars, Trarieux, Rue d\u2019Haveluy, Lyc\u00e9e Kastler, Wavrechain, Base de Loisirs, Bligni\u00e8res, Prise d\u2019Eau et Rouvignies \u00c9glise seront desservis par la ligne 4. De plus, les arr\u00eats entre Lyc\u00e9e Kastler et Rouvignies \u00c9glise seront aussi desservis par la ligne 10 lors de la Phase 3 du r\u00e9seau<\/p>\n\n\n\n<p><strong>Ligne 4<\/strong><\/p>\n\n\n\n<p>La desserte du Faubourg Duchateau sera effectu\u00e9e par la ligne 3 (desserte des arr\u00eats de la ligne 804)<\/p>\n\n\n\n<p>Les arr\u00eats Croix Sainte-Marie, Bois de Douchy, Rue Tolsto\u00ef, Julien Renard et Coll\u00e8ge \u00c9mile Littr\u00e9 seront desservis par la ligne 3<\/p>\n\n\n\n<p>L\u2019arr\u00eat Saint Paul sera supprim\u00e9, il sera report\u00e9 \u00e0 l\u2019arr\u00eat Douchy Hainaut, d\u00e9j\u00e0 existant sur le r\u00e9seau Transvilles et qui sera desservi par la ligne 3 en septembre <\/p>\n\n\n\n<p>La desserte de Noyelles-sur-Selle sera effectu\u00e9 par la ligne 8 lors de la phase 3 du r\u00e9seau. En attendant, nous vous rappelons que le r\u00e9seau r\u00e9gional Arc-en-Ciel propose <a href=\"https:\/\/arcenciel.hautsdefrance.fr\/horaires\/index.php?l=824&amp;p=arcenciel3\" data-type=\"link\" data-id=\"https:\/\/arcenciel.hautsdefrance.fr\/horaires\/index.php?l=824&amp;p=arcenciel3\">la ligne 824<\/a> pour relier Avesnes-les-Aubert \u00e0 Denain en passant par Noyelles-sur-Selle. Transvilles propose \u00e9galement <a href=\"https:\/\/storage.googleapis.com\/is-wp-14-prod\/uploads-prod\/2024\/07\/Flex_Affiches-FLEX-TAD_04.pdf\" data-type=\"link\" data-id=\"https:\/\/storage.googleapis.com\/is-wp-14-prod\/uploads-prod\/2024\/07\/Flex_Affiches-FLEX-TAD_04.pdf\">un service de transport \u00e0 la demande (FlexTAD)<\/a> permettant de se d\u00e9placer d\u2019un arr\u00eat \u00e0 un autre dans le Denaisis ou vers Espace Villars<\/p>\n\n\n\n<p><strong>Ligne 5<\/strong><\/p>\n\n\n\n<p>La desserte des arr\u00eats entre Schneider et Escaudain Place sera effectu\u00e9e par la ligne 60 lors de la phase 3 du r\u00e9seau. En attendant, Transvilles propose la ligne 4 pour desservir ces arr\u00eats<\/p>\n\n\n\n<p>L\u2019arr\u00eat Escaudain Stade ne sera plus desservi par le r\u00e9seau Denain Mobilit\u00e9s (reportez-vous \u00e0 la <a href=\"https:\/\/arcenciel.hautsdefrance.fr\/horaires\/index.php?l=811&amp;p=arcenciel3\" data-type=\"link\" data-id=\"https:\/\/arcenciel.hautsdefrance.fr\/horaires\/index.php?l=811&amp;p=arcenciel3\">ligne r\u00e9gionale 811<\/a>)<\/p>\n\n\n\n<p><strong>Ligne 6<\/strong><\/p>\n\n\n\n<p>L\u2019arr\u00eat Rue de la Pyramide sera supprim\u00e9 <\/p>\n\n\n\n<p>Le faubourg Duchateau sera desservi par la ligne 3<\/p>\n\n\n\n<p>L\u2019arr\u00eat Haulchin Centre ne sera plus desservi (reportez-vous \u00e0 la <a href=\"https:\/\/storage.googleapis.com\/is-wp-14-prod\/uploads-prod\/2024\/06\/L17_0424_4v.pdf\" data-type=\"link\" data-id=\"https:\/\/storage.googleapis.com\/is-wp-14-prod\/uploads-prod\/2024\/06\/L17_0424_4v.pdf\">ligne 17 du r\u00e9seau Transvilles<\/a>)<\/p>\n\n\n\n<p><strong>Ligne 7<\/strong><\/p>\n\n\n\n<p>Le faubourg Duchateau sera desservi par la ligne 3<\/p>\n\n\n\n<p>La desserte de Noyelles-sur-Selle sera effectu\u00e9 par la ligne 8 lors de la phase 3 du r\u00e9seau. En attendant, nous vous rappelons que le r\u00e9seau r\u00e9gional Arc-en-Ciel propose <a href=\"https:\/\/arcenciel.hautsdefrance.fr\/horaires\/index.php?l=824&amp;p=arcenciel3\" data-type=\"link\" data-id=\"https:\/\/arcenciel.hautsdefrance.fr\/horaires\/index.php?l=824&amp;p=arcenciel3\">la ligne 824<\/a> pour relier Avesnes-les-Aubert \u00e0 Denain en passant par Noyelles-sur-Selle. Transvilles propose \u00e9galement <a href=\"https:\/\/storage.googleapis.com\/is-wp-14-prod\/uploads-prod\/2024\/07\/Flex_Affiches-FLEX-TAD_04.pdf\" data-type=\"link\" data-id=\"https:\/\/storage.googleapis.com\/is-wp-14-prod\/uploads-prod\/2024\/07\/Flex_Affiches-FLEX-TAD_04.pdf\">un service de transport \u00e0 la demande (FlexTAD)<\/a> permettant de se d\u00e9placer d\u2019un arr\u00eat \u00e0 un autre dans le Denaisis ou vers Espace Villars<\/p>\n\n\n\n<p>L\u2019arr\u00eat Calmette sera desservi par la ligne 8 lors de la phase 3 du r\u00e9seau. En attendant, reportez-vous \u00e0 la <a href=\"https:\/\/storage.googleapis.com\/is-wp-14-prod\/uploads-prod\/2024\/07\/L101_0424_4v.pdf\" data-type=\"link\" data-id=\"https:\/\/storage.googleapis.com\/is-wp-14-prod\/uploads-prod\/2024\/07\/L101_0424_4v.pdf\">ligne 101 du r\u00e9seau Transvilles<\/a><\/p>\n","protected":false},"excerpt":{"rendered":"<p>Suite au nouveau r\u00e9seau qui sera lanc\u00e9 le 1er septembre, certains arr\u00eats verront leur desserte modifi\u00e9e ou supprim\u00e9e. Ligne 1 La ligne 1 sera int\u00e9gralement reprise par la nouvelle ligne 2 Ligne 2 La desserte de Lourches, Roeulx et Mastaing sera reprise par la ligne 7. Le centre de Bouchain [&hellip;]<\/p>\n","protected":false},"author":427,"featured_media":0,"comment_status":"open","ping_status":"open","sticky":false,"template":"","format":"standard","meta":{"footnotes":""},"categories":[6],"tags":[],"class_list":["post-409","post","type-post","status-publish","format-standard","hentry","category-divers"],"_links":{"self":[{"href":"https:\/\/seal.transport-manager.net\/PikaaxYT\/wp-json\/wp\/v2\/posts\/409","targetHints":{"allow":["GET"]}}],"collection":[{"href":"https:\/\/seal.transport-manager.net\/PikaaxYT\/wp-json\/wp\/v2\/posts"}],"about":[{"href":"https:\/\/seal.transport-manager.net\/PikaaxYT\/wp-json\/wp\/v2\/types\/post"}],"author":[{"embeddable":true,"href":"https:\/\/seal.transport-manager.net\/PikaaxYT\/wp-json\/wp\/v2\/users\/427"}],"replies":[{"embeddable":true,"href":"https:\/\/seal.transport-manager.net\/PikaaxYT\/wp-json\/wp\/v2\/comments?post=409"}],"version-history":[{"count":8,"href":"https:\/\/seal.transport-manager.net\/PikaaxYT\/wp-json\/wp\/v2\/posts\/409\/revisions"}],"predecessor-version":[{"id":417,"href":"https:\/\/seal.transport-manager.net\/PikaaxYT\/wp-json\/wp\/v2\/posts\/409\/revisions\/417"}],"wp:attachment":[{"href":"https:\/\/seal.transport-manager.net\/PikaaxYT\/wp-json\/wp\/v2\/media?parent=409"}],"wp:term":[{"taxonomy":"category","embeddable":true,"href":"https:\/\/seal.transport-manager.net\/PikaaxYT\/wp-json\/wp\/v2\/categories?post=409"},{"taxonomy":"post_tag","embeddable":true,"href":"https:\/\/seal.transport-manager.net\/PikaaxYT\/wp-json\/wp\/v2\/tags?post=409"}],"curies":[{"name":"wp","href":"https:\/\/api.w.org\/{rel}","templated":true}]}}