{"id":1061,"date":"2023-08-01T20:42:39","date_gmt":"2023-08-01T18:42:39","guid":{"rendered":"https:\/\/seal.transport-manager.net\/TIM3500\/?p=1061"},"modified":"2023-08-01T20:42:39","modified_gmt":"2023-08-01T18:42:39","slug":"festival-par-concert-nation","status":"publish","type":"post","link":"https:\/\/seal.transport-manager.net\/TIM3500\/2023\/08\/01\/festival-par-concert-nation\/","title":{"rendered":"Festival par Concert Nation"},"content":{"rendered":"\n<p>Les 13, 14 et 15\/08, un festival est organis\u00e9 par la soci\u00e9t\u00e9 Concert Nation dans le parc Louis XVI de la commune de Canta.<\/p>\n\n\n\n<p>Afin de rejoindre le festival depuis les parkings, nous mettons en places les lignes 991, 992 et 993 qui dessert respectivement le P1, P2 et P3.<\/p>\n\n\n\n<p>Pour votre confort, les 3 lignes seront assur\u00e9es en articul\u00e9s pour permettre au plus grand nombre de voyager.<\/p>\n\n\n\n<p>Bon festival avec MAT<\/p>\n","protected":false},"excerpt":{"rendered":"<p>Les 13, 14 et 15\/08, un festival est organis\u00e9 par la soci\u00e9t\u00e9 Concert Nation dans le parc Louis XVI de la commune de Canta. Afin de rejoindre le festival depuis [&hellip;]<\/p>\n","protected":false},"author":41,"featured_media":0,"comment_status":"open","ping_status":"open","sticky":false,"template":"","format":"standard","meta":{"footnotes":""},"categories":[1],"tags":[],"class_list":["post-1061","post","type-post","status-publish","format-standard","hentry","category-non-classe"],"_links":{"self":[{"href":"https:\/\/seal.transport-manager.net\/TIM3500\/wp-json\/wp\/v2\/posts\/1061","targetHints":{"allow":["GET"]}}],"collection":[{"href":"https:\/\/seal.transport-manager.net\/TIM3500\/wp-json\/wp\/v2\/posts"}],"about":[{"href":"https:\/\/seal.transport-manager.net\/TIM3500\/wp-json\/wp\/v2\/types\/post"}],"author":[{"embeddable":true,"href":"https:\/\/seal.transport-manager.net\/TIM3500\/wp-json\/wp\/v2\/users\/41"}],"replies":[{"embeddable":true,"href":"https:\/\/seal.transport-manager.net\/TIM3500\/wp-json\/wp\/v2\/comments?post=1061"}],"version-history":[{"count":1,"href":"https:\/\/seal.transport-manager.net\/TIM3500\/wp-json\/wp\/v2\/posts\/1061\/revisions"}],"predecessor-version":[{"id":1062,"href":"https:\/\/seal.transport-manager.net\/TIM3500\/wp-json\/wp\/v2\/posts\/1061\/revisions\/1062"}],"wp:attachment":[{"href":"https:\/\/seal.transport-manager.net\/TIM3500\/wp-json\/wp\/v2\/media?parent=1061"}],"wp:term":[{"taxonomy":"category","embeddable":true,"href":"https:\/\/seal.transport-manager.net\/TIM3500\/wp-json\/wp\/v2\/categories?post=1061"},{"taxonomy":"post_tag","embeddable":true,"href":"https:\/\/seal.transport-manager.net\/TIM3500\/wp-json\/wp\/v2\/tags?post=1061"}],"curies":[{"name":"wp","href":"https:\/\/api.w.org\/{rel}","templated":true}]}}