{"id":1155,"date":"2023-11-22T19:50:04","date_gmt":"2023-11-22T18:50:04","guid":{"rendered":"https:\/\/seal.transport-manager.net\/TIM3500\/?p=1155"},"modified":"2023-11-22T19:50:04","modified_gmt":"2023-11-22T18:50:04","slug":"ligne-813","status":"publish","type":"post","link":"https:\/\/seal.transport-manager.net\/TIM3500\/2023\/11\/22\/ligne-813\/","title":{"rendered":"Ligne 813"},"content":{"rendered":"\n<p>Comme chaque ann\u00e9e, Saint-Malo Agglo met en place son traditionnel march\u00e9 de Noel, mais cette ann\u00e9e une patinoire ainsi que de plusieurs attractions dont une grande roue et un spectacle son et lumi\u00e8re sont \u00e9galement pr\u00e9vus.<\/p>\n\n\n\n<p>Toutes ces activit\u00e9s sont organis\u00e9s dans le centre ville et a la cath\u00e9drale.\u00a0<\/p>\n\n\n\n<p>Elles sont accessible du 25\/11 au 24\/12 aux horaires suivants:<\/p>\n\n\n\n<p>-Du lundi au vendredi : de 12h \u00e0 22h<br>&#8211; Le samedi : de 12h \u00e0 1h<br>&#8211; Le dimanche : de 12h \u00e0 21h (24 d\u00e9cembre de 9h \u00e0 18h)<\/p>\n\n\n\n<p>Afin de vous transportez, nous mettons en place une ligne 813 entre Gare Central et Cath\u00e9drale. Pour votre confort, elle sera effectuer en BHNS.<\/p>\n\n\n\n<p>Bonne f\u00eates de fin d&rsquo;ann\u00e9e sur le r\u00e9seau MAT<\/p>\n","protected":false},"excerpt":{"rendered":"<p>Comme chaque ann\u00e9e, Saint-Malo Agglo met en place son traditionnel march\u00e9 de Noel, mais cette ann\u00e9e une patinoire ainsi que de plusieurs attractions dont une grande roue et un spectacle [&hellip;]<\/p>\n","protected":false},"author":41,"featured_media":0,"comment_status":"open","ping_status":"open","sticky":false,"template":"","format":"standard","meta":{"footnotes":""},"categories":[1],"tags":[],"class_list":["post-1155","post","type-post","status-publish","format-standard","hentry","category-non-classe"],"_links":{"self":[{"href":"https:\/\/seal.transport-manager.net\/TIM3500\/wp-json\/wp\/v2\/posts\/1155","targetHints":{"allow":["GET"]}}],"collection":[{"href":"https:\/\/seal.transport-manager.net\/TIM3500\/wp-json\/wp\/v2\/posts"}],"about":[{"href":"https:\/\/seal.transport-manager.net\/TIM3500\/wp-json\/wp\/v2\/types\/post"}],"author":[{"embeddable":true,"href":"https:\/\/seal.transport-manager.net\/TIM3500\/wp-json\/wp\/v2\/users\/41"}],"replies":[{"embeddable":true,"href":"https:\/\/seal.transport-manager.net\/TIM3500\/wp-json\/wp\/v2\/comments?post=1155"}],"version-history":[{"count":1,"href":"https:\/\/seal.transport-manager.net\/TIM3500\/wp-json\/wp\/v2\/posts\/1155\/revisions"}],"predecessor-version":[{"id":1156,"href":"https:\/\/seal.transport-manager.net\/TIM3500\/wp-json\/wp\/v2\/posts\/1155\/revisions\/1156"}],"wp:attachment":[{"href":"https:\/\/seal.transport-manager.net\/TIM3500\/wp-json\/wp\/v2\/media?parent=1155"}],"wp:term":[{"taxonomy":"category","embeddable":true,"href":"https:\/\/seal.transport-manager.net\/TIM3500\/wp-json\/wp\/v2\/categories?post=1155"},{"taxonomy":"post_tag","embeddable":true,"href":"https:\/\/seal.transport-manager.net\/TIM3500\/wp-json\/wp\/v2\/tags?post=1155"}],"curies":[{"name":"wp","href":"https:\/\/api.w.org\/{rel}","templated":true}]}}