{"id":1191,"date":"2024-02-19T13:18:25","date_gmt":"2024-02-19T12:18:25","guid":{"rendered":"https:\/\/seal.transport-manager.net\/TIM3500\/?p=1191"},"modified":"2024-02-19T13:18:25","modified_gmt":"2024-02-19T12:18:25","slug":"carnaval-2024","status":"publish","type":"post","link":"https:\/\/seal.transport-manager.net\/TIM3500\/2024\/02\/19\/carnaval-2024\/","title":{"rendered":"Carnaval 2024"},"content":{"rendered":"\n<p>La m\u00e9tropole c\u00e9l\u00e8bre le carnaval le 25\/02 au centre ville et au parc Verlaine.<\/p>\n\n\n\n<p>Comme chaque ann\u00e9e, la ligne 809 est mise en place entre les deux sites.<\/p>\n\n\n\n<p>Elle circulera de 10h a 18h avec 1 bus toute les 10 min et sera exploit\u00e9e avec 3 articul\u00e9s BHNS (oui oui vous avez bien lu).<\/p>\n\n\n\n<p>La ligne est gratuite, pas besoin de valider son ticket ou sa carte.<\/p>\n\n\n\n<p>Profiter bien des festivit\u00e9s.<\/p>\n","protected":false},"excerpt":{"rendered":"<p>La m\u00e9tropole c\u00e9l\u00e8bre le carnaval le 25\/02 au centre ville et au parc Verlaine. Comme chaque ann\u00e9e, la ligne 809 est mise en place entre les deux sites. Elle circulera [&hellip;]<\/p>\n","protected":false},"author":41,"featured_media":0,"comment_status":"open","ping_status":"open","sticky":false,"template":"","format":"standard","meta":{"footnotes":""},"categories":[1],"tags":[],"class_list":["post-1191","post","type-post","status-publish","format-standard","hentry","category-non-classe"],"_links":{"self":[{"href":"https:\/\/seal.transport-manager.net\/TIM3500\/wp-json\/wp\/v2\/posts\/1191","targetHints":{"allow":["GET"]}}],"collection":[{"href":"https:\/\/seal.transport-manager.net\/TIM3500\/wp-json\/wp\/v2\/posts"}],"about":[{"href":"https:\/\/seal.transport-manager.net\/TIM3500\/wp-json\/wp\/v2\/types\/post"}],"author":[{"embeddable":true,"href":"https:\/\/seal.transport-manager.net\/TIM3500\/wp-json\/wp\/v2\/users\/41"}],"replies":[{"embeddable":true,"href":"https:\/\/seal.transport-manager.net\/TIM3500\/wp-json\/wp\/v2\/comments?post=1191"}],"version-history":[{"count":1,"href":"https:\/\/seal.transport-manager.net\/TIM3500\/wp-json\/wp\/v2\/posts\/1191\/revisions"}],"predecessor-version":[{"id":1192,"href":"https:\/\/seal.transport-manager.net\/TIM3500\/wp-json\/wp\/v2\/posts\/1191\/revisions\/1192"}],"wp:attachment":[{"href":"https:\/\/seal.transport-manager.net\/TIM3500\/wp-json\/wp\/v2\/media?parent=1191"}],"wp:term":[{"taxonomy":"category","embeddable":true,"href":"https:\/\/seal.transport-manager.net\/TIM3500\/wp-json\/wp\/v2\/categories?post=1191"},{"taxonomy":"post_tag","embeddable":true,"href":"https:\/\/seal.transport-manager.net\/TIM3500\/wp-json\/wp\/v2\/tags?post=1191"}],"curies":[{"name":"wp","href":"https:\/\/api.w.org\/{rel}","templated":true}]}}