{"id":1225,"date":"2024-04-27T07:30:00","date_gmt":"2024-04-27T05:30:00","guid":{"rendered":"https:\/\/seal.transport-manager.net\/TIM3500\/?p=1225"},"modified":"2024-04-21T23:30:17","modified_gmt":"2024-04-21T21:30:17","slug":"travaux-sncf","status":"publish","type":"post","link":"https:\/\/seal.transport-manager.net\/TIM3500\/2024\/04\/27\/travaux-sncf\/","title":{"rendered":"Travaux SNCF"},"content":{"rendered":"\n<p>Durant le long week-end de l&rsquo;Ascension, des travaux d&rsquo;entretien seront effectu\u00e9s sur le r\u00e9seau ferroviaire desservant la m\u00e9tropole.<\/p>\n\n\n\n<p>Ces travaux n\u00e9cessitent l&rsquo;interruption totale du trafic ferroviaire entre la Gare Centrale et la Gare de l&rsquo;Ouest.<\/p>\n\n\n\n<p>Une navette 815 est mise en place pour vous permettre de voyager sur le troncon ferm\u00e9.<\/p>\n\n\n\n<p>La ligne desservira les principaux arr\u00eats sur son trajet.<br><\/p>\n\n\n\n<p>Merci pour votre compr\u00e9hension<\/p>\n","protected":false},"excerpt":{"rendered":"<p>Durant le long week-end de l&rsquo;Ascension, des travaux d&rsquo;entretien seront effectu\u00e9s sur le r\u00e9seau ferroviaire desservant la m\u00e9tropole. Ces travaux n\u00e9cessitent l&rsquo;interruption totale du trafic ferroviaire entre la Gare Centrale [&hellip;]<\/p>\n","protected":false},"author":41,"featured_media":0,"comment_status":"open","ping_status":"open","sticky":false,"template":"","format":"standard","meta":{"footnotes":""},"categories":[1],"tags":[],"class_list":["post-1225","post","type-post","status-publish","format-standard","hentry","category-non-classe"],"_links":{"self":[{"href":"https:\/\/seal.transport-manager.net\/TIM3500\/wp-json\/wp\/v2\/posts\/1225","targetHints":{"allow":["GET"]}}],"collection":[{"href":"https:\/\/seal.transport-manager.net\/TIM3500\/wp-json\/wp\/v2\/posts"}],"about":[{"href":"https:\/\/seal.transport-manager.net\/TIM3500\/wp-json\/wp\/v2\/types\/post"}],"author":[{"embeddable":true,"href":"https:\/\/seal.transport-manager.net\/TIM3500\/wp-json\/wp\/v2\/users\/41"}],"replies":[{"embeddable":true,"href":"https:\/\/seal.transport-manager.net\/TIM3500\/wp-json\/wp\/v2\/comments?post=1225"}],"version-history":[{"count":1,"href":"https:\/\/seal.transport-manager.net\/TIM3500\/wp-json\/wp\/v2\/posts\/1225\/revisions"}],"predecessor-version":[{"id":1226,"href":"https:\/\/seal.transport-manager.net\/TIM3500\/wp-json\/wp\/v2\/posts\/1225\/revisions\/1226"}],"wp:attachment":[{"href":"https:\/\/seal.transport-manager.net\/TIM3500\/wp-json\/wp\/v2\/media?parent=1225"}],"wp:term":[{"taxonomy":"category","embeddable":true,"href":"https:\/\/seal.transport-manager.net\/TIM3500\/wp-json\/wp\/v2\/categories?post=1225"},{"taxonomy":"post_tag","embeddable":true,"href":"https:\/\/seal.transport-manager.net\/TIM3500\/wp-json\/wp\/v2\/tags?post=1225"}],"curies":[{"name":"wp","href":"https:\/\/api.w.org\/{rel}","templated":true}]}}