{"id":1284,"date":"2024-10-16T20:47:59","date_gmt":"2024-10-16T18:47:59","guid":{"rendered":"https:\/\/seal.transport-manager.net\/TIM3500\/?p=1284"},"modified":"2024-10-16T20:47:59","modified_gmt":"2024-10-16T18:47:59","slug":"nuit-du-31-octobre-et-jours-feries-novembre","status":"publish","type":"post","link":"https:\/\/seal.transport-manager.net\/TIM3500\/2024\/10\/16\/nuit-du-31-octobre-et-jours-feries-novembre\/","title":{"rendered":"Nuit du 31 octobre et Jours F\u00e9ri\u00e9s Novembre"},"content":{"rendered":"\n<p>Le Jeudi 31\/10: pour Halloween, une Nuit de l&rsquo;\u00e9pouvante est organis\u00e9e au Parc Verlaine accessible avec la ligne 3.<\/p>\n\n\n\n<p>De plus les vendredi 1er et lundi 11\/11, le r\u00e9seau circulera en horaires Dimanche et jours f\u00e9ri\u00e9s<\/p>\n\n\n\n<p>Bon voyage sur nos lignes<\/p>\n","protected":false},"excerpt":{"rendered":"<p>Le Jeudi 31\/10: pour Halloween, une Nuit de l&rsquo;\u00e9pouvante est organis\u00e9e au Parc Verlaine accessible avec la ligne 3. De plus les vendredi 1er et lundi 11\/11, le r\u00e9seau circulera [&hellip;]<\/p>\n","protected":false},"author":41,"featured_media":0,"comment_status":"open","ping_status":"open","sticky":false,"template":"","format":"standard","meta":{"footnotes":""},"categories":[1],"tags":[],"class_list":["post-1284","post","type-post","status-publish","format-standard","hentry","category-non-classe"],"_links":{"self":[{"href":"https:\/\/seal.transport-manager.net\/TIM3500\/wp-json\/wp\/v2\/posts\/1284","targetHints":{"allow":["GET"]}}],"collection":[{"href":"https:\/\/seal.transport-manager.net\/TIM3500\/wp-json\/wp\/v2\/posts"}],"about":[{"href":"https:\/\/seal.transport-manager.net\/TIM3500\/wp-json\/wp\/v2\/types\/post"}],"author":[{"embeddable":true,"href":"https:\/\/seal.transport-manager.net\/TIM3500\/wp-json\/wp\/v2\/users\/41"}],"replies":[{"embeddable":true,"href":"https:\/\/seal.transport-manager.net\/TIM3500\/wp-json\/wp\/v2\/comments?post=1284"}],"version-history":[{"count":1,"href":"https:\/\/seal.transport-manager.net\/TIM3500\/wp-json\/wp\/v2\/posts\/1284\/revisions"}],"predecessor-version":[{"id":1285,"href":"https:\/\/seal.transport-manager.net\/TIM3500\/wp-json\/wp\/v2\/posts\/1284\/revisions\/1285"}],"wp:attachment":[{"href":"https:\/\/seal.transport-manager.net\/TIM3500\/wp-json\/wp\/v2\/media?parent=1284"}],"wp:term":[{"taxonomy":"category","embeddable":true,"href":"https:\/\/seal.transport-manager.net\/TIM3500\/wp-json\/wp\/v2\/categories?post=1284"},{"taxonomy":"post_tag","embeddable":true,"href":"https:\/\/seal.transport-manager.net\/TIM3500\/wp-json\/wp\/v2\/tags?post=1284"}],"curies":[{"name":"wp","href":"https:\/\/api.w.org\/{rel}","templated":true}]}}