{"id":1293,"date":"2024-11-19T16:57:45","date_gmt":"2024-11-19T15:57:45","guid":{"rendered":"https:\/\/seal.transport-manager.net\/TIM3500\/?p=1293"},"modified":"2024-11-19T16:57:45","modified_gmt":"2024-11-19T15:57:45","slug":"festivites-de-noel","status":"publish","type":"post","link":"https:\/\/seal.transport-manager.net\/TIM3500\/2024\/11\/19\/festivites-de-noel\/","title":{"rendered":"Festivit\u00e9s de Noel"},"content":{"rendered":"\n<p>Comme chaque ann\u00e9e, Saint-Malo Agglo met en place son traditionnel march\u00e9 de Noel, ainsi que la patinoire et plusieurs attractions dont une grande roue et un spectacle son et lumi\u00e8re.<\/p>\n\n\n\n<p>Toutes ces activit\u00e9s sont organis\u00e9s dans le centre ville et a la cath\u00e9drale.&nbsp;<\/p>\n\n\n\n<p>Elles sont accessible du 23\/11 au 24\/12 aux horaires suivants:<\/p>\n\n\n\n<p>-Du lundi au vendredi : de 12h \u00e0 22h<br>&#8211; Le samedi : de 12h \u00e0 1h<br>&#8211; Le dimanche : de 12h \u00e0 21h (24 d\u00e9cembre de 9h \u00e0 18h)<\/p>\n\n\n\n<p>Afin de vous transportez, nous mettons en place la ligne 813 entre Gare Central et Cath\u00e9drale. Pour votre confort, elle sera effectuer en BHNS.<\/p>\n\n\n\n<p>Bonne f\u00eates de fin d&rsquo;ann\u00e9e sur le r\u00e9seau MAT<\/p>\n","protected":false},"excerpt":{"rendered":"<p>Comme chaque ann\u00e9e, Saint-Malo Agglo met en place son traditionnel march\u00e9 de Noel, ainsi que la patinoire et plusieurs attractions dont une grande roue et un spectacle son et lumi\u00e8re. [&hellip;]<\/p>\n","protected":false},"author":41,"featured_media":0,"comment_status":"open","ping_status":"open","sticky":false,"template":"","format":"standard","meta":{"footnotes":""},"categories":[1],"tags":[],"class_list":["post-1293","post","type-post","status-publish","format-standard","hentry","category-non-classe"],"_links":{"self":[{"href":"https:\/\/seal.transport-manager.net\/TIM3500\/wp-json\/wp\/v2\/posts\/1293","targetHints":{"allow":["GET"]}}],"collection":[{"href":"https:\/\/seal.transport-manager.net\/TIM3500\/wp-json\/wp\/v2\/posts"}],"about":[{"href":"https:\/\/seal.transport-manager.net\/TIM3500\/wp-json\/wp\/v2\/types\/post"}],"author":[{"embeddable":true,"href":"https:\/\/seal.transport-manager.net\/TIM3500\/wp-json\/wp\/v2\/users\/41"}],"replies":[{"embeddable":true,"href":"https:\/\/seal.transport-manager.net\/TIM3500\/wp-json\/wp\/v2\/comments?post=1293"}],"version-history":[{"count":1,"href":"https:\/\/seal.transport-manager.net\/TIM3500\/wp-json\/wp\/v2\/posts\/1293\/revisions"}],"predecessor-version":[{"id":1294,"href":"https:\/\/seal.transport-manager.net\/TIM3500\/wp-json\/wp\/v2\/posts\/1293\/revisions\/1294"}],"wp:attachment":[{"href":"https:\/\/seal.transport-manager.net\/TIM3500\/wp-json\/wp\/v2\/media?parent=1293"}],"wp:term":[{"taxonomy":"category","embeddable":true,"href":"https:\/\/seal.transport-manager.net\/TIM3500\/wp-json\/wp\/v2\/categories?post=1293"},{"taxonomy":"post_tag","embeddable":true,"href":"https:\/\/seal.transport-manager.net\/TIM3500\/wp-json\/wp\/v2\/tags?post=1293"}],"curies":[{"name":"wp","href":"https:\/\/api.w.org\/{rel}","templated":true}]}}