{"id":134,"date":"2021-08-19T12:04:08","date_gmt":"2021-08-19T10:04:08","guid":{"rendered":"https:\/\/seal.transport-manager.net\/titi\/?p=134"},"modified":"2021-12-18T13:50:01","modified_gmt":"2021-12-18T12:50:01","slug":"rentree-2021-2022","status":"publish","type":"post","link":"https:\/\/seal.transport-manager.net\/TIM3500\/2021\/08\/19\/rentree-2021-2022\/","title":{"rendered":"Rentr\u00e9e 2021\/2022"},"content":{"rendered":"\n<p>Le Lundi 30 Aout, c&rsquo;est la rentr\u00e9e sur le r\u00e9seau MAT.<\/p>\n\n\n\n<p>Plusieurs modification auront lieu: <\/p>\n\n\n\n<p>Les horaires hiver sont mis en place.<\/p>\n\n\n\n<p>La ligne 804 est arr\u00eat\u00e9e et reprendra a l&rsquo;\u00e9t\u00e9 2022.<\/p>\n\n\n\n<p>La ligne 807 est modifi\u00e9e et devient une navette entre le centre de vaccination qui est d\u00e9plac\u00e9 et Gare Centrale. Le temps de trajet sera de 7 min.<\/p>\n\n\n\n<p>Les lignes 1 \u00e0 4 connaitront des adaptions dans les fr\u00e9quentations et fr\u00e9quences de passage.<\/p>\n\n\n\n<p>Voici  le calendrier de circulation \u00ab\u00a0vacances\u00a0\u00bb:<\/p>\n\n\n\n<p>&#8211; du samedi 23\/10\/21 au dimanche 07\/11\/21 inclus<br>&#8211; du samedi 18\/12\/21 au dimanche 02\/01\/22 inclus<br>&#8211; du samedi 12\/02\/22 au dimanche 27\/02\/22 inclus<br>&#8211; du samedi 16\/04\/22 au dimanche 01\/05\/22 inclus<\/p>\n\n\n\n<p>Bonne rentr\u00e9e sur le r\u00e9seau MAT<\/p>\n","protected":false},"excerpt":{"rendered":"<p>Le Lundi 30 Aout, c&rsquo;est la rentr\u00e9e sur le r\u00e9seau MAT. Plusieurs modification auront lieu: Les horaires hiver sont mis en place. La ligne 804 est arr\u00eat\u00e9e et reprendra a [&hellip;]<\/p>\n","protected":false},"author":41,"featured_media":0,"comment_status":"open","ping_status":"open","sticky":false,"template":"","format":"standard","meta":{"footnotes":""},"categories":[1],"tags":[],"class_list":["post-134","post","type-post","status-publish","format-standard","hentry","category-non-classe"],"_links":{"self":[{"href":"https:\/\/seal.transport-manager.net\/TIM3500\/wp-json\/wp\/v2\/posts\/134","targetHints":{"allow":["GET"]}}],"collection":[{"href":"https:\/\/seal.transport-manager.net\/TIM3500\/wp-json\/wp\/v2\/posts"}],"about":[{"href":"https:\/\/seal.transport-manager.net\/TIM3500\/wp-json\/wp\/v2\/types\/post"}],"author":[{"embeddable":true,"href":"https:\/\/seal.transport-manager.net\/TIM3500\/wp-json\/wp\/v2\/users\/41"}],"replies":[{"embeddable":true,"href":"https:\/\/seal.transport-manager.net\/TIM3500\/wp-json\/wp\/v2\/comments?post=134"}],"version-history":[{"count":2,"href":"https:\/\/seal.transport-manager.net\/TIM3500\/wp-json\/wp\/v2\/posts\/134\/revisions"}],"predecessor-version":[{"id":296,"href":"https:\/\/seal.transport-manager.net\/TIM3500\/wp-json\/wp\/v2\/posts\/134\/revisions\/296"}],"wp:attachment":[{"href":"https:\/\/seal.transport-manager.net\/TIM3500\/wp-json\/wp\/v2\/media?parent=134"}],"wp:term":[{"taxonomy":"category","embeddable":true,"href":"https:\/\/seal.transport-manager.net\/TIM3500\/wp-json\/wp\/v2\/categories?post=134"},{"taxonomy":"post_tag","embeddable":true,"href":"https:\/\/seal.transport-manager.net\/TIM3500\/wp-json\/wp\/v2\/tags?post=134"}],"curies":[{"name":"wp","href":"https:\/\/api.w.org\/{rel}","templated":true}]}}