{"id":294,"date":"2021-12-18T13:39:05","date_gmt":"2021-12-18T12:39:05","guid":{"rendered":"https:\/\/seal.transport-manager.net\/titi\/?p=294"},"modified":"2021-12-22T23:10:36","modified_gmt":"2021-12-22T22:10:36","slug":"reveillons-des-24-et-31-decembre","status":"publish","type":"post","link":"https:\/\/seal.transport-manager.net\/TIM3500\/2021\/12\/18\/reveillons-des-24-et-31-decembre\/","title":{"rendered":"R\u00e9veillons des 24 et 31 d\u00e9cembre"},"content":{"rendered":"\n<p>Pour vous permettre de rentrer chez vous a l&rsquo;issue des r\u00e9veillons des 24 et 31 d\u00e9cembre, nous mettons en place un r\u00e9seau de nuit:<\/p>\n\n\n\n<figure class=\"wp-block-image\"><img decoding=\"async\" src=\"https:\/\/transport-manager.net\/assets\/img\/lignes\/20201224_Plan_Lignes_reveillon_noel.png\" alt=\"[Image: 20201224_Plan_Lignes_reveillon_noel.png]\" \/><\/figure>\n\n\n\n<p>Il sera mis en place du vendredi 24 fin de service au samedi 25 d\u00e9but de service et du vendredi 31 d\u00e9cembre fin de service au samedi 1er janvier d\u00e9but  de service. Ces 3 lignes seront gratuites.<\/p>\n\n\n\n<p>Les fr\u00e9quences seront les suivantes:<\/p>\n\n\n\n<p>Ligne 801: 1bus\/h<\/p>\n\n\n\n<p>ligne 802: 1bus\/1h20<\/p>\n\n\n\n<p>Ligne 803: 1bus\/46min<\/p>\n\n\n\n<p>Nous vous rappelons que les samedis 25 d\u00e9cembre et 1er janvier, les lignes circuleront en horaires dimanches et jours f\u00e9ri\u00e9s (9h\/20h).<\/p>\n\n\n\n<p>Le r\u00e9seau MAT vous souhaites de joyeuses f\u00eates.<\/p>\n","protected":false},"excerpt":{"rendered":"<p>Pour vous permettre de rentrer chez vous a l&rsquo;issue des r\u00e9veillons des 24 et 31 d\u00e9cembre, nous mettons en place un r\u00e9seau de nuit: Il sera mis en place du [&hellip;]<\/p>\n","protected":false},"author":41,"featured_media":0,"comment_status":"open","ping_status":"open","sticky":false,"template":"","format":"standard","meta":{"footnotes":""},"categories":[1],"tags":[],"class_list":["post-294","post","type-post","status-publish","format-standard","hentry","category-non-classe"],"_links":{"self":[{"href":"https:\/\/seal.transport-manager.net\/TIM3500\/wp-json\/wp\/v2\/posts\/294","targetHints":{"allow":["GET"]}}],"collection":[{"href":"https:\/\/seal.transport-manager.net\/TIM3500\/wp-json\/wp\/v2\/posts"}],"about":[{"href":"https:\/\/seal.transport-manager.net\/TIM3500\/wp-json\/wp\/v2\/types\/post"}],"author":[{"embeddable":true,"href":"https:\/\/seal.transport-manager.net\/TIM3500\/wp-json\/wp\/v2\/users\/41"}],"replies":[{"embeddable":true,"href":"https:\/\/seal.transport-manager.net\/TIM3500\/wp-json\/wp\/v2\/comments?post=294"}],"version-history":[{"count":4,"href":"https:\/\/seal.transport-manager.net\/TIM3500\/wp-json\/wp\/v2\/posts\/294\/revisions"}],"predecessor-version":[{"id":300,"href":"https:\/\/seal.transport-manager.net\/TIM3500\/wp-json\/wp\/v2\/posts\/294\/revisions\/300"}],"wp:attachment":[{"href":"https:\/\/seal.transport-manager.net\/TIM3500\/wp-json\/wp\/v2\/media?parent=294"}],"wp:term":[{"taxonomy":"category","embeddable":true,"href":"https:\/\/seal.transport-manager.net\/TIM3500\/wp-json\/wp\/v2\/categories?post=294"},{"taxonomy":"post_tag","embeddable":true,"href":"https:\/\/seal.transport-manager.net\/TIM3500\/wp-json\/wp\/v2\/tags?post=294"}],"curies":[{"name":"wp","href":"https:\/\/api.w.org\/{rel}","templated":true}]}}