{"id":345,"date":"2022-02-24T11:51:33","date_gmt":"2022-02-24T10:51:33","guid":{"rendered":"https:\/\/seal.transport-manager.net\/titi\/?p=345"},"modified":"2022-02-25T18:34:32","modified_gmt":"2022-02-25T17:34:32","slug":"arret-de-la-ligne-807","status":"publish","type":"post","link":"https:\/\/seal.transport-manager.net\/TIM3500\/2022\/02\/24\/arret-de-la-ligne-807\/","title":{"rendered":"Carnaval et Arr\u00eat de la ligne 807"},"content":{"rendered":"\n<p>La m\u00e9tropole c\u00e9l\u00e8bre le carnaval les 5 et 6\/03 au centre ville et au parc Verlaine.<\/p>\n\n\n\n<p>A cette occasion, une ligne 809 est mise en place entre les deux sites.<\/p>\n\n\n\n<p>Suite a la baisse des injections due a l&rsquo;am\u00e9lioration sanitaire, le centre de vaccination va fermer ses portes le 4\/03 au soir.<\/p>\n\n\n\n<p>Ainsi, la navette 807 va elle aussi s&rsquo;arr\u00eater et effectuera ses derniers services le 4\/03.<\/p>\n\n\n\n<p>Bon voyage sur nos lignes<\/p>\n","protected":false},"excerpt":{"rendered":"<p>La m\u00e9tropole c\u00e9l\u00e8bre le carnaval les 5 et 6\/03 au centre ville et au parc Verlaine. A cette occasion, une ligne 809 est mise en place entre les deux sites. [&hellip;]<\/p>\n","protected":false},"author":41,"featured_media":0,"comment_status":"open","ping_status":"open","sticky":false,"template":"","format":"standard","meta":{"footnotes":""},"categories":[1],"tags":[],"class_list":["post-345","post","type-post","status-publish","format-standard","hentry","category-non-classe"],"_links":{"self":[{"href":"https:\/\/seal.transport-manager.net\/TIM3500\/wp-json\/wp\/v2\/posts\/345","targetHints":{"allow":["GET"]}}],"collection":[{"href":"https:\/\/seal.transport-manager.net\/TIM3500\/wp-json\/wp\/v2\/posts"}],"about":[{"href":"https:\/\/seal.transport-manager.net\/TIM3500\/wp-json\/wp\/v2\/types\/post"}],"author":[{"embeddable":true,"href":"https:\/\/seal.transport-manager.net\/TIM3500\/wp-json\/wp\/v2\/users\/41"}],"replies":[{"embeddable":true,"href":"https:\/\/seal.transport-manager.net\/TIM3500\/wp-json\/wp\/v2\/comments?post=345"}],"version-history":[{"count":3,"href":"https:\/\/seal.transport-manager.net\/TIM3500\/wp-json\/wp\/v2\/posts\/345\/revisions"}],"predecessor-version":[{"id":359,"href":"https:\/\/seal.transport-manager.net\/TIM3500\/wp-json\/wp\/v2\/posts\/345\/revisions\/359"}],"wp:attachment":[{"href":"https:\/\/seal.transport-manager.net\/TIM3500\/wp-json\/wp\/v2\/media?parent=345"}],"wp:term":[{"taxonomy":"category","embeddable":true,"href":"https:\/\/seal.transport-manager.net\/TIM3500\/wp-json\/wp\/v2\/categories?post=345"},{"taxonomy":"post_tag","embeddable":true,"href":"https:\/\/seal.transport-manager.net\/TIM3500\/wp-json\/wp\/v2\/tags?post=345"}],"curies":[{"name":"wp","href":"https:\/\/api.w.org\/{rel}","templated":true}]}}