{"id":454,"date":"2022-05-07T11:53:18","date_gmt":"2022-05-07T09:53:18","guid":{"rendered":"https:\/\/seal.transport-manager.net\/titi\/?p=454"},"modified":"2022-05-07T12:13:01","modified_gmt":"2022-05-07T10:13:01","slug":"journee-sans-voiture","status":"publish","type":"post","link":"https:\/\/seal.transport-manager.net\/TIM3500\/2022\/05\/07\/journee-sans-voiture\/","title":{"rendered":"Journ\u00e9e Sans Voiture"},"content":{"rendered":"\n<p>Une journ\u00e9e \u00ab\u00a0Sans Voiture\u00a0\u00bb est organis\u00e9e ce dimanche 15\/05.<\/p>\n\n\n\n<p>L&rsquo;acc\u00e8s au centre ville sera interdit de 9h \u00e0 19h a tout v\u00e9hicules sauf services de secours et transports en communs.<\/p>\n\n\n\n<p>A cette occasion, votre r\u00e9seau sera gratuit, renforc\u00e9 et circulera de 9h \u00e0 20h.<\/p>\n\n\n\n<p>Toutes lignes circuleront ce jour l\u00e0 (oui oui m\u00eame la 4).<\/p>\n\n\n\n<p>Bon voyage sur le r\u00e9seau.<\/p>\n","protected":false},"excerpt":{"rendered":"<p>Une journ\u00e9e \u00ab\u00a0Sans Voiture\u00a0\u00bb est organis\u00e9e ce dimanche 15\/05. L&rsquo;acc\u00e8s au centre ville sera interdit de 9h \u00e0 19h a tout v\u00e9hicules sauf services de secours et transports en communs. [&hellip;]<\/p>\n","protected":false},"author":41,"featured_media":0,"comment_status":"open","ping_status":"open","sticky":false,"template":"","format":"standard","meta":{"footnotes":""},"categories":[1],"tags":[],"class_list":["post-454","post","type-post","status-publish","format-standard","hentry","category-non-classe"],"_links":{"self":[{"href":"https:\/\/seal.transport-manager.net\/TIM3500\/wp-json\/wp\/v2\/posts\/454","targetHints":{"allow":["GET"]}}],"collection":[{"href":"https:\/\/seal.transport-manager.net\/TIM3500\/wp-json\/wp\/v2\/posts"}],"about":[{"href":"https:\/\/seal.transport-manager.net\/TIM3500\/wp-json\/wp\/v2\/types\/post"}],"author":[{"embeddable":true,"href":"https:\/\/seal.transport-manager.net\/TIM3500\/wp-json\/wp\/v2\/users\/41"}],"replies":[{"embeddable":true,"href":"https:\/\/seal.transport-manager.net\/TIM3500\/wp-json\/wp\/v2\/comments?post=454"}],"version-history":[{"count":3,"href":"https:\/\/seal.transport-manager.net\/TIM3500\/wp-json\/wp\/v2\/posts\/454\/revisions"}],"predecessor-version":[{"id":457,"href":"https:\/\/seal.transport-manager.net\/TIM3500\/wp-json\/wp\/v2\/posts\/454\/revisions\/457"}],"wp:attachment":[{"href":"https:\/\/seal.transport-manager.net\/TIM3500\/wp-json\/wp\/v2\/media?parent=454"}],"wp:term":[{"taxonomy":"category","embeddable":true,"href":"https:\/\/seal.transport-manager.net\/TIM3500\/wp-json\/wp\/v2\/categories?post=454"},{"taxonomy":"post_tag","embeddable":true,"href":"https:\/\/seal.transport-manager.net\/TIM3500\/wp-json\/wp\/v2\/tags?post=454"}],"curies":[{"name":"wp","href":"https:\/\/api.w.org\/{rel}","templated":true}]}}