{"id":498,"date":"2022-06-11T00:09:20","date_gmt":"2022-06-10T22:09:20","guid":{"rendered":"https:\/\/seal.transport-manager.net\/titi\/?p=498"},"modified":"2022-06-15T20:57:54","modified_gmt":"2022-06-15T18:57:54","slug":"nouvelle-ligne-estivale-999","status":"publish","type":"post","link":"https:\/\/seal.transport-manager.net\/TIM3500\/2022\/06\/11\/nouvelle-ligne-estivale-999\/","title":{"rendered":"Nouvelle ligne estivale 999 et fete de la musique"},"content":{"rendered":"\n<p>La soci\u00e9t\u00e9 priv\u00e9e Cano\u00e9au propose des ballades sur le fleuve.<\/p>\n\n\n\n<p>Cet \u00e9t\u00e9 un nouveau parcours est propos\u00e9.<\/p>\n\n\n\n<p>A cette occasion et afin de revenir au d\u00e9part du parcours, nous mettons en place la ligne 999.<\/p>\n\n\n\n<p>Cette ligne circulera tous les dimanches et jours f\u00e9ri\u00e9s entre le 19 juin et le 25 septembre.<\/p>\n\n\n\n<p>De plus les 18 et 19 juin, c&rsquo;est la f\u00eate de la musique qui aura lieu au Parc Verlaine.<\/p>\n\n\n\n<p>Pour vous y rendre, nous mettons en place la ligne 809.<\/p>\n\n\n\n<p>La ligne 809 reliant la gare Centrale au Parc Verlaine suivant le m\u00eame itin\u00e9raire que pour le carnaval.<\/p>\n\n\n\n<p>Elle sera exploit\u00e9e avec nos Articul\u00e9s GNV: 4 bus pour samedi 18 et 2 bus pour dimanche 19.<\/p>\n\n\n\n<p>Pour rappel, nous basculerons en horaires \u00e9t\u00e9 2022 d\u00e8s le samedi 2 juillet<\/p>\n\n\n\n<p>Bonne f\u00eate de la musique et bon \u00e9t\u00e9 avec MAT<\/p>\n\n\n\n<p><\/p>\n","protected":false},"excerpt":{"rendered":"<p>La soci\u00e9t\u00e9 priv\u00e9e Cano\u00e9au propose des ballades sur le fleuve. Cet \u00e9t\u00e9 un nouveau parcours est propos\u00e9. A cette occasion et afin de revenir au d\u00e9part du parcours, nous mettons [&hellip;]<\/p>\n","protected":false},"author":41,"featured_media":0,"comment_status":"open","ping_status":"open","sticky":false,"template":"","format":"standard","meta":{"footnotes":""},"categories":[1],"tags":[],"class_list":["post-498","post","type-post","status-publish","format-standard","hentry","category-non-classe"],"_links":{"self":[{"href":"https:\/\/seal.transport-manager.net\/TIM3500\/wp-json\/wp\/v2\/posts\/498","targetHints":{"allow":["GET"]}}],"collection":[{"href":"https:\/\/seal.transport-manager.net\/TIM3500\/wp-json\/wp\/v2\/posts"}],"about":[{"href":"https:\/\/seal.transport-manager.net\/TIM3500\/wp-json\/wp\/v2\/types\/post"}],"author":[{"embeddable":true,"href":"https:\/\/seal.transport-manager.net\/TIM3500\/wp-json\/wp\/v2\/users\/41"}],"replies":[{"embeddable":true,"href":"https:\/\/seal.transport-manager.net\/TIM3500\/wp-json\/wp\/v2\/comments?post=498"}],"version-history":[{"count":2,"href":"https:\/\/seal.transport-manager.net\/TIM3500\/wp-json\/wp\/v2\/posts\/498\/revisions"}],"predecessor-version":[{"id":521,"href":"https:\/\/seal.transport-manager.net\/TIM3500\/wp-json\/wp\/v2\/posts\/498\/revisions\/521"}],"wp:attachment":[{"href":"https:\/\/seal.transport-manager.net\/TIM3500\/wp-json\/wp\/v2\/media?parent=498"}],"wp:term":[{"taxonomy":"category","embeddable":true,"href":"https:\/\/seal.transport-manager.net\/TIM3500\/wp-json\/wp\/v2\/categories?post=498"},{"taxonomy":"post_tag","embeddable":true,"href":"https:\/\/seal.transport-manager.net\/TIM3500\/wp-json\/wp\/v2\/tags?post=498"}],"curies":[{"name":"wp","href":"https:\/\/api.w.org\/{rel}","templated":true}]}}