{"id":542,"date":"2022-06-20T21:14:15","date_gmt":"2022-06-20T19:14:15","guid":{"rendered":"https:\/\/seal.transport-manager.net\/titi\/?p=542"},"modified":"2022-06-20T21:15:18","modified_gmt":"2022-06-20T19:15:18","slug":"travaux-pont-des-amis-ferme-a-la-circulationdu-samedi-2-juillet-2022-au-dimanche-28-aout-2022","status":"publish","type":"post","link":"https:\/\/seal.transport-manager.net\/TIM3500\/2022\/06\/20\/travaux-pont-des-amis-ferme-a-la-circulationdu-samedi-2-juillet-2022-au-dimanche-28-aout-2022\/","title":{"rendered":"TRAVAUX &#8211; Pont des Amis ferm\u00e9 \u00e0 la circulation du samedi 2 juillet 2022 au dimanche 28 ao\u00fbt 2022"},"content":{"rendered":"\n<p>Le pont des Amis sera ferm\u00e9 durant tout l&rsquo;\u00e9t\u00e9 afin d&rsquo;y mener des travaux de r\u00e9novation.<\/p>\n\n\n\n<p>Les lignes 4 et 6 seront perturb\u00e9es.<\/p>\n\n\n\n<p>La ligne&nbsp;<strong>4<\/strong>&nbsp;circulera uniquement entre Pont des Amis Est et Gare de l&rsquo;Est.<\/p>\n\n\n\n<p>La ligne\u00a0<strong>6<\/strong>\u00a0circulera uniquement entre Pont des Amis Est et Campus Maryse Esterle.<\/p>\n\n\n\n<p>Les tron\u00e7ons des lignes&nbsp;<strong>4<\/strong>&nbsp;et&nbsp;<strong>6<\/strong>&nbsp;dans le centre-ville seront repris par une ligne circulaire bidirectionnelle portant le num\u00e9ro&nbsp;<strong>406<\/strong>.<\/p>\n\n\n\n<p>Bon \u00e9t\u00e9 sur le r\u00e9seau MAT<\/p>\n","protected":false},"excerpt":{"rendered":"<p>Le pont des Amis sera ferm\u00e9 durant tout l&rsquo;\u00e9t\u00e9 afin d&rsquo;y mener des travaux de r\u00e9novation. Les lignes 4 et 6 seront perturb\u00e9es. La ligne&nbsp;4&nbsp;circulera uniquement entre Pont des Amis [&hellip;]<\/p>\n","protected":false},"author":41,"featured_media":0,"comment_status":"open","ping_status":"open","sticky":false,"template":"","format":"standard","meta":{"footnotes":""},"categories":[1],"tags":[],"class_list":["post-542","post","type-post","status-publish","format-standard","hentry","category-non-classe"],"_links":{"self":[{"href":"https:\/\/seal.transport-manager.net\/TIM3500\/wp-json\/wp\/v2\/posts\/542","targetHints":{"allow":["GET"]}}],"collection":[{"href":"https:\/\/seal.transport-manager.net\/TIM3500\/wp-json\/wp\/v2\/posts"}],"about":[{"href":"https:\/\/seal.transport-manager.net\/TIM3500\/wp-json\/wp\/v2\/types\/post"}],"author":[{"embeddable":true,"href":"https:\/\/seal.transport-manager.net\/TIM3500\/wp-json\/wp\/v2\/users\/41"}],"replies":[{"embeddable":true,"href":"https:\/\/seal.transport-manager.net\/TIM3500\/wp-json\/wp\/v2\/comments?post=542"}],"version-history":[{"count":3,"href":"https:\/\/seal.transport-manager.net\/TIM3500\/wp-json\/wp\/v2\/posts\/542\/revisions"}],"predecessor-version":[{"id":545,"href":"https:\/\/seal.transport-manager.net\/TIM3500\/wp-json\/wp\/v2\/posts\/542\/revisions\/545"}],"wp:attachment":[{"href":"https:\/\/seal.transport-manager.net\/TIM3500\/wp-json\/wp\/v2\/media?parent=542"}],"wp:term":[{"taxonomy":"category","embeddable":true,"href":"https:\/\/seal.transport-manager.net\/TIM3500\/wp-json\/wp\/v2\/categories?post=542"},{"taxonomy":"post_tag","embeddable":true,"href":"https:\/\/seal.transport-manager.net\/TIM3500\/wp-json\/wp\/v2\/tags?post=542"}],"curies":[{"name":"wp","href":"https:\/\/api.w.org\/{rel}","templated":true}]}}