{"id":620,"date":"2022-07-17T12:13:33","date_gmt":"2022-07-17T10:13:33","guid":{"rendered":"https:\/\/seal.transport-manager.net\/titi\/?p=620"},"modified":"2022-07-24T14:56:18","modified_gmt":"2022-07-24T12:56:18","slug":"fermeture-agences-commerciale","status":"publish","type":"post","link":"https:\/\/seal.transport-manager.net\/TIM3500\/2022\/07\/17\/fermeture-agences-commerciale\/","title":{"rendered":"Fermeture agences commerciale"},"content":{"rendered":"\n<p>L&rsquo;agence commerciale de la Gare Centrale sera ferm\u00e9e du 17\/07 au 24\/07 inclus.<\/p>\n\n\n\n<p>L&rsquo;agence commerciale de l&rsquo;A\u00e9roport sera ferm\u00e9e du 24\/07 au 31\/07 inclus.<\/p>\n\n\n\n<p>A partir du 1\/08 et jusqu&rsquo;au 21\/08 :<\/p>\n\n\n\n<p>Les agences seront ouverte uniquement du lundi au vendredi.<\/p>\n\n\n\n<p>Bon \u00e9t\u00e9 sur le r\u00e9seau.<\/p>\n","protected":false},"excerpt":{"rendered":"<p>L&rsquo;agence commerciale de la Gare Centrale sera ferm\u00e9e du 17\/07 au 24\/07 inclus. L&rsquo;agence commerciale de l&rsquo;A\u00e9roport sera ferm\u00e9e du 24\/07 au 31\/07 inclus. A partir du 1\/08 et jusqu&rsquo;au [&hellip;]<\/p>\n","protected":false},"author":41,"featured_media":0,"comment_status":"open","ping_status":"open","sticky":false,"template":"","format":"standard","meta":{"footnotes":""},"categories":[1],"tags":[],"class_list":["post-620","post","type-post","status-publish","format-standard","hentry","category-non-classe"],"_links":{"self":[{"href":"https:\/\/seal.transport-manager.net\/TIM3500\/wp-json\/wp\/v2\/posts\/620","targetHints":{"allow":["GET"]}}],"collection":[{"href":"https:\/\/seal.transport-manager.net\/TIM3500\/wp-json\/wp\/v2\/posts"}],"about":[{"href":"https:\/\/seal.transport-manager.net\/TIM3500\/wp-json\/wp\/v2\/types\/post"}],"author":[{"embeddable":true,"href":"https:\/\/seal.transport-manager.net\/TIM3500\/wp-json\/wp\/v2\/users\/41"}],"replies":[{"embeddable":true,"href":"https:\/\/seal.transport-manager.net\/TIM3500\/wp-json\/wp\/v2\/comments?post=620"}],"version-history":[{"count":2,"href":"https:\/\/seal.transport-manager.net\/TIM3500\/wp-json\/wp\/v2\/posts\/620\/revisions"}],"predecessor-version":[{"id":635,"href":"https:\/\/seal.transport-manager.net\/TIM3500\/wp-json\/wp\/v2\/posts\/620\/revisions\/635"}],"wp:attachment":[{"href":"https:\/\/seal.transport-manager.net\/TIM3500\/wp-json\/wp\/v2\/media?parent=620"}],"wp:term":[{"taxonomy":"category","embeddable":true,"href":"https:\/\/seal.transport-manager.net\/TIM3500\/wp-json\/wp\/v2\/categories?post=620"},{"taxonomy":"post_tag","embeddable":true,"href":"https:\/\/seal.transport-manager.net\/TIM3500\/wp-json\/wp\/v2\/tags?post=620"}],"curies":[{"name":"wp","href":"https:\/\/api.w.org\/{rel}","templated":true}]}}