{"id":637,"date":"2022-08-11T11:53:43","date_gmt":"2022-08-11T09:53:43","guid":{"rendered":"https:\/\/seal.transport-manager.net\/titi\/?p=637"},"modified":"2022-08-11T11:53:43","modified_gmt":"2022-08-11T09:53:43","slug":"week-end-prolonge-du-15-aout","status":"publish","type":"post","link":"https:\/\/seal.transport-manager.net\/TIM3500\/2022\/08\/11\/week-end-prolonge-du-15-aout\/","title":{"rendered":"Week-end prolong\u00e9 du 15 aout"},"content":{"rendered":"\n<p>Le lundi 15 aout, le r\u00e9seau circulera au horaires Dimanche et Jours F\u00e9ri\u00e9s (9h\/20h).<\/p>\n\n\n\n<p>Comme tous les dimanches et jours f\u00e9ri\u00e9s, la ligne 999 circulera les dimanche 14 et lundi 15 aout.<\/p>\n\n\n\n<p>Les agences commerciales seront ferm\u00e9es les samedi 13, dimanche 14 et lundi 15 aout. <\/p>\n\n\n\n<p>Bon \u00e9t\u00e9 sur le r\u00e9seau.<\/p>\n","protected":false},"excerpt":{"rendered":"<p>Le lundi 15 aout, le r\u00e9seau circulera au horaires Dimanche et Jours F\u00e9ri\u00e9s (9h\/20h). Comme tous les dimanches et jours f\u00e9ri\u00e9s, la ligne 999 circulera les dimanche 14 et lundi [&hellip;]<\/p>\n","protected":false},"author":41,"featured_media":0,"comment_status":"open","ping_status":"open","sticky":false,"template":"","format":"standard","meta":{"footnotes":""},"categories":[1],"tags":[],"class_list":["post-637","post","type-post","status-publish","format-standard","hentry","category-non-classe"],"_links":{"self":[{"href":"https:\/\/seal.transport-manager.net\/TIM3500\/wp-json\/wp\/v2\/posts\/637","targetHints":{"allow":["GET"]}}],"collection":[{"href":"https:\/\/seal.transport-manager.net\/TIM3500\/wp-json\/wp\/v2\/posts"}],"about":[{"href":"https:\/\/seal.transport-manager.net\/TIM3500\/wp-json\/wp\/v2\/types\/post"}],"author":[{"embeddable":true,"href":"https:\/\/seal.transport-manager.net\/TIM3500\/wp-json\/wp\/v2\/users\/41"}],"replies":[{"embeddable":true,"href":"https:\/\/seal.transport-manager.net\/TIM3500\/wp-json\/wp\/v2\/comments?post=637"}],"version-history":[{"count":1,"href":"https:\/\/seal.transport-manager.net\/TIM3500\/wp-json\/wp\/v2\/posts\/637\/revisions"}],"predecessor-version":[{"id":638,"href":"https:\/\/seal.transport-manager.net\/TIM3500\/wp-json\/wp\/v2\/posts\/637\/revisions\/638"}],"wp:attachment":[{"href":"https:\/\/seal.transport-manager.net\/TIM3500\/wp-json\/wp\/v2\/media?parent=637"}],"wp:term":[{"taxonomy":"category","embeddable":true,"href":"https:\/\/seal.transport-manager.net\/TIM3500\/wp-json\/wp\/v2\/categories?post=637"},{"taxonomy":"post_tag","embeddable":true,"href":"https:\/\/seal.transport-manager.net\/TIM3500\/wp-json\/wp\/v2\/tags?post=637"}],"curies":[{"name":"wp","href":"https:\/\/api.w.org\/{rel}","templated":true}]}}