{"id":640,"date":"2022-08-12T11:25:58","date_gmt":"2022-08-12T09:25:58","guid":{"rendered":"https:\/\/seal.transport-manager.net\/titi\/?p=640"},"modified":"2022-08-12T11:25:58","modified_gmt":"2022-08-12T09:25:58","slug":"rentree-2022-2023","status":"publish","type":"post","link":"https:\/\/seal.transport-manager.net\/TIM3500\/2022\/08\/12\/rentree-2022-2023\/","title":{"rendered":"Rentr\u00e9e 2022\/2023"},"content":{"rendered":"\n<p>Le Lundi 29 aout, c&rsquo;est la rentr\u00e9e sur le r\u00e9seau MAT.<\/p>\n\n\n\n<p>Les horaires hiver sont mis en place.<\/p>\n\n\n\n<p>Les travaux sur le pont des amis seront termin\u00e9s et les lignes 4\/6 reprendront leurs itin\u00e9raires normaux. La ligne 406 est supprim\u00e9e.<\/p>\n\n\n\n<p>La ligne 999 continue de circuler les dimanches et jours f\u00e9ri\u00e9s jusqu&rsquo;au 25 septembre.<\/p>\n\n\n\n<p>La ligne estivale 804 est arret\u00e9e, mais sera de retour a l&rsquo;\u00e9t\u00e9 2023.<\/p>\n\n\n\n<p>Le r\u00e9seau circulera a partir de 6h le samedi.<\/p>\n\n\n\n<p>Il circulera d\u00e9sormais de 6h \u00e0 23h le dimanche.<\/p>\n\n\n\n<p>Voici le calendrier des p\u00e9riodes vacances:<\/p>\n\n\n\n<ul class=\"wp-block-list\"><li>du Samedi 22\/10\/2022 au Dimanche 06\/11\/2022<\/li><li>du Samedi 17\/12\/2022 au Dimanche 01\/01\/2023<\/li><li>du Samedi 04\/02\/2023 au Dimanche 19\/02\/2023<\/li><li>du Samedi 08\/04\/2023 au Dimanche 23\/04\/2023<\/li><\/ul>\n\n\n\n<p>Les tarifs des titres de transport augmentent, veuillez les retrouver dans la page Titres et Tarifs.<\/p>\n\n\n\n<p><\/p>\n","protected":false},"excerpt":{"rendered":"<p>Le Lundi 29 aout, c&rsquo;est la rentr\u00e9e sur le r\u00e9seau MAT. Les horaires hiver sont mis en place. Les travaux sur le pont des amis seront termin\u00e9s et les lignes [&hellip;]<\/p>\n","protected":false},"author":41,"featured_media":0,"comment_status":"open","ping_status":"open","sticky":false,"template":"","format":"standard","meta":{"footnotes":""},"categories":[1],"tags":[],"class_list":["post-640","post","type-post","status-publish","format-standard","hentry","category-non-classe"],"_links":{"self":[{"href":"https:\/\/seal.transport-manager.net\/TIM3500\/wp-json\/wp\/v2\/posts\/640","targetHints":{"allow":["GET"]}}],"collection":[{"href":"https:\/\/seal.transport-manager.net\/TIM3500\/wp-json\/wp\/v2\/posts"}],"about":[{"href":"https:\/\/seal.transport-manager.net\/TIM3500\/wp-json\/wp\/v2\/types\/post"}],"author":[{"embeddable":true,"href":"https:\/\/seal.transport-manager.net\/TIM3500\/wp-json\/wp\/v2\/users\/41"}],"replies":[{"embeddable":true,"href":"https:\/\/seal.transport-manager.net\/TIM3500\/wp-json\/wp\/v2\/comments?post=640"}],"version-history":[{"count":1,"href":"https:\/\/seal.transport-manager.net\/TIM3500\/wp-json\/wp\/v2\/posts\/640\/revisions"}],"predecessor-version":[{"id":641,"href":"https:\/\/seal.transport-manager.net\/TIM3500\/wp-json\/wp\/v2\/posts\/640\/revisions\/641"}],"wp:attachment":[{"href":"https:\/\/seal.transport-manager.net\/TIM3500\/wp-json\/wp\/v2\/media?parent=640"}],"wp:term":[{"taxonomy":"category","embeddable":true,"href":"https:\/\/seal.transport-manager.net\/TIM3500\/wp-json\/wp\/v2\/categories?post=640"},{"taxonomy":"post_tag","embeddable":true,"href":"https:\/\/seal.transport-manager.net\/TIM3500\/wp-json\/wp\/v2\/tags?post=640"}],"curies":[{"name":"wp","href":"https:\/\/api.w.org\/{rel}","templated":true}]}}