{"id":856,"date":"2023-02-26T00:18:48","date_gmt":"2023-02-25T23:18:48","guid":{"rendered":"https:\/\/seal.transport-manager.net\/TIM3500\/?p=856"},"modified":"2023-03-03T11:47:07","modified_gmt":"2023-03-03T10:47:07","slug":"carnaval","status":"publish","type":"post","link":"https:\/\/seal.transport-manager.net\/TIM3500\/2023\/02\/26\/carnaval\/","title":{"rendered":"Carnaval"},"content":{"rendered":"\n<p>La m\u00e9tropole c\u00e9l\u00e8bre le carnaval le 5\/03 au centre ville et au parc Verlaine.<\/p>\n\n\n\n<p>A cette occasion, la ligne 809 est mise en place entre les deux sites.<\/p>\n\n\n\n<p>Elle circulera de 10h a 18h avec 1 bus toute les 10 min<\/p>\n\n\n\n<p>Elle sera exploiter avec 3 articul\u00e9s<\/p>\n\n\n\n<p>La ligne est gratuite, pas besoin de valider son ticket ou sa carte.<\/p>\n","protected":false},"excerpt":{"rendered":"<p>La m\u00e9tropole c\u00e9l\u00e8bre le carnaval le 5\/03 au centre ville et au parc Verlaine. A cette occasion, la ligne 809 est mise en place entre les deux sites. Elle circulera [&hellip;]<\/p>\n","protected":false},"author":41,"featured_media":0,"comment_status":"open","ping_status":"open","sticky":false,"template":"","format":"standard","meta":{"footnotes":""},"categories":[1],"tags":[],"class_list":["post-856","post","type-post","status-publish","format-standard","hentry","category-non-classe"],"_links":{"self":[{"href":"https:\/\/seal.transport-manager.net\/TIM3500\/wp-json\/wp\/v2\/posts\/856","targetHints":{"allow":["GET"]}}],"collection":[{"href":"https:\/\/seal.transport-manager.net\/TIM3500\/wp-json\/wp\/v2\/posts"}],"about":[{"href":"https:\/\/seal.transport-manager.net\/TIM3500\/wp-json\/wp\/v2\/types\/post"}],"author":[{"embeddable":true,"href":"https:\/\/seal.transport-manager.net\/TIM3500\/wp-json\/wp\/v2\/users\/41"}],"replies":[{"embeddable":true,"href":"https:\/\/seal.transport-manager.net\/TIM3500\/wp-json\/wp\/v2\/comments?post=856"}],"version-history":[{"count":2,"href":"https:\/\/seal.transport-manager.net\/TIM3500\/wp-json\/wp\/v2\/posts\/856\/revisions"}],"predecessor-version":[{"id":868,"href":"https:\/\/seal.transport-manager.net\/TIM3500\/wp-json\/wp\/v2\/posts\/856\/revisions\/868"}],"wp:attachment":[{"href":"https:\/\/seal.transport-manager.net\/TIM3500\/wp-json\/wp\/v2\/media?parent=856"}],"wp:term":[{"taxonomy":"category","embeddable":true,"href":"https:\/\/seal.transport-manager.net\/TIM3500\/wp-json\/wp\/v2\/categories?post=856"},{"taxonomy":"post_tag","embeddable":true,"href":"https:\/\/seal.transport-manager.net\/TIM3500\/wp-json\/wp\/v2\/tags?post=856"}],"curies":[{"name":"wp","href":"https:\/\/api.w.org\/{rel}","templated":true}]}}