{"id":953,"date":"2023-06-19T18:32:18","date_gmt":"2023-06-19T16:32:18","guid":{"rendered":"https:\/\/seal.transport-manager.net\/TIM3500\/?p=953"},"modified":"2023-06-29T23:01:06","modified_gmt":"2023-06-29T21:01:06","slug":"fete-de-la-musique-et-ete-2023","status":"publish","type":"post","link":"https:\/\/seal.transport-manager.net\/TIM3500\/2023\/06\/19\/fete-de-la-musique-et-ete-2023\/","title":{"rendered":"Fete de la Musique et Ete 2023"},"content":{"rendered":"\n<p>Pour la Fete de la Musique ce mercredi soir, nous mettons en place la ligne 809. Elle sera effectu\u00e9e avec 4 articul\u00e9s. <\/p>\n\n\n\n<p>Du 1\/07 au 3\/09, la ligne 804 est de retour.<\/p>\n\n\n\n<p>Les horaires entreront en application le 8\/07<\/p>\n\n\n\n<p>Bon \u00e9t\u00e9 sur le r\u00e9seau<\/p>\n","protected":false},"excerpt":{"rendered":"<p>Pour la Fete de la Musique ce mercredi soir, nous mettons en place la ligne 809. Elle sera effectu\u00e9e avec 4 articul\u00e9s. Du 1\/07 au 3\/09, la ligne 804 est [&hellip;]<\/p>\n","protected":false},"author":41,"featured_media":0,"comment_status":"open","ping_status":"open","sticky":false,"template":"","format":"standard","meta":{"footnotes":""},"categories":[1],"tags":[],"class_list":["post-953","post","type-post","status-publish","format-standard","hentry","category-non-classe"],"_links":{"self":[{"href":"https:\/\/seal.transport-manager.net\/TIM3500\/wp-json\/wp\/v2\/posts\/953","targetHints":{"allow":["GET"]}}],"collection":[{"href":"https:\/\/seal.transport-manager.net\/TIM3500\/wp-json\/wp\/v2\/posts"}],"about":[{"href":"https:\/\/seal.transport-manager.net\/TIM3500\/wp-json\/wp\/v2\/types\/post"}],"author":[{"embeddable":true,"href":"https:\/\/seal.transport-manager.net\/TIM3500\/wp-json\/wp\/v2\/users\/41"}],"replies":[{"embeddable":true,"href":"https:\/\/seal.transport-manager.net\/TIM3500\/wp-json\/wp\/v2\/comments?post=953"}],"version-history":[{"count":3,"href":"https:\/\/seal.transport-manager.net\/TIM3500\/wp-json\/wp\/v2\/posts\/953\/revisions"}],"predecessor-version":[{"id":991,"href":"https:\/\/seal.transport-manager.net\/TIM3500\/wp-json\/wp\/v2\/posts\/953\/revisions\/991"}],"wp:attachment":[{"href":"https:\/\/seal.transport-manager.net\/TIM3500\/wp-json\/wp\/v2\/media?parent=953"}],"wp:term":[{"taxonomy":"category","embeddable":true,"href":"https:\/\/seal.transport-manager.net\/TIM3500\/wp-json\/wp\/v2\/categories?post=953"},{"taxonomy":"post_tag","embeddable":true,"href":"https:\/\/seal.transport-manager.net\/TIM3500\/wp-json\/wp\/v2\/tags?post=953"}],"curies":[{"name":"wp","href":"https:\/\/api.w.org\/{rel}","templated":true}]}}