{"id":112,"date":"2022-06-28T23:55:13","date_gmt":"2022-06-28T21:55:13","guid":{"rendered":"https:\/\/seal.transport-manager.net\/Tibo_lyon\/?p=112"},"modified":"2023-02-08T11:40:46","modified_gmt":"2023-02-08T10:40:46","slug":"festival-music-en-ciel","status":"publish","type":"post","link":"https:\/\/seal.transport-manager.net\/Tibo_lyon\/2022\/06\/28\/festival-music-en-ciel\/","title":{"rendered":"Festival Music En Ciel"},"content":{"rendered":"\n<p>Pour la 7\u00e8me \u00e9dition, le festival de musique en plein air san-priot fait son retour le week-end du 1er juillet !<\/p>\n\n\n\n<p>La programmation :<\/p>\n\n\n\n<ul class=\"wp-block-list\">\n<li>Vendredi 1er juillet :\n<ul class=\"wp-block-list\">\n<li>CATS ON TREES \/ GABRIEL SAGLIO \/ BRUNE <\/li>\n<\/ul>\n<\/li>\n\n\n\n<li>Samedi 2 juillet :\n<ul class=\"wp-block-list\">\n<li>AXEL BAUER \/ TERRENOIRE \/ JANIE <\/li>\n<\/ul>\n<\/li>\n\n\n\n<li>Dimanche 3 juillet :\n<ul class=\"wp-block-list\">\n<li>Gar\u00e7on s&rsquo;il vous pla\u00eet <\/li>\n<\/ul>\n<\/li>\n<\/ul>\n\n\n\n<p>Bus Fran\u00e7ais est partenaire de ce festival et met en place plusieurs modifications de service. Le vendredi et le samedi, la ligne 2 est d\u00e9vi\u00e9e pour ajouter un arr\u00eat entre les arr\u00eats \u00ab\u00a0coll\u00e8ge Boris Vian\u00a0\u00bb et \u00ab\u00a0Conservatoire Saint-Priest\u00a0\u00bb. De plus la fr\u00e9quence sera augment\u00e9e pour vous permettre d&rsquo;acc\u00e9der au festival en toute s\u00e9curit\u00e9. Vous retrouverez d\u00e8s a pr\u00e9sent sur le site du festival un ticket vous permettant d&rsquo;y acc\u00e9der gratuitement via notre r\u00e9seau. <\/p>\n\n\n\n<p><strong>ATTENTION<\/strong> pour les autres voyageurs, le r\u00e9seau n&rsquo;est pas gratuit. Il faut poss\u00e9der un billet d&rsquo;acc\u00e8s au festival pour jouir de la gratuit\u00e9.<\/p>\n\n\n\n<p>Aucune modification n&rsquo;est effectu\u00e9e le dimanche en raison du concert situ\u00e9 en apr\u00e8s-midi et situ\u00e9 \u00e0 proximit\u00e9 de l&rsquo;arr\u00eat \u00ab\u00a0Th\u00e9\u00e2tre Th\u00e9o Argence\u00a0\u00bb<\/p>\n\n\n\n<p>Pour plus d&rsquo;informations sur le festival \ud83d\udc49 <a href=\"https:\/\/www.musicenciel.fr\/\" target=\"_blank\" rel=\"noreferrer noopener\">https:\/\/www.musicenciel.fr\/<\/a><\/p>\n","protected":false},"excerpt":{"rendered":"<p>Pour la 7\u00e8me \u00e9dition, le festival de musique en plein air san-priot fait son retour le week-end du 1er juillet ! La programmation : Bus Fran\u00e7ais est partenaire de ce&nbsp;&hellip;<\/p>\n","protected":false},"author":249,"featured_media":244,"comment_status":"open","ping_status":"open","sticky":false,"template":"","format":"standard","meta":{"footnotes":""},"categories":[8,9],"tags":[],"class_list":["post-112","post","type-post","status-publish","format-standard","has-post-thumbnail","hentry","category-actu","category-9"],"_links":{"self":[{"href":"https:\/\/seal.transport-manager.net\/Tibo_lyon\/wp-json\/wp\/v2\/posts\/112","targetHints":{"allow":["GET"]}}],"collection":[{"href":"https:\/\/seal.transport-manager.net\/Tibo_lyon\/wp-json\/wp\/v2\/posts"}],"about":[{"href":"https:\/\/seal.transport-manager.net\/Tibo_lyon\/wp-json\/wp\/v2\/types\/post"}],"author":[{"embeddable":true,"href":"https:\/\/seal.transport-manager.net\/Tibo_lyon\/wp-json\/wp\/v2\/users\/249"}],"replies":[{"embeddable":true,"href":"https:\/\/seal.transport-manager.net\/Tibo_lyon\/wp-json\/wp\/v2\/comments?post=112"}],"version-history":[{"count":3,"href":"https:\/\/seal.transport-manager.net\/Tibo_lyon\/wp-json\/wp\/v2\/posts\/112\/revisions"}],"predecessor-version":[{"id":310,"href":"https:\/\/seal.transport-manager.net\/Tibo_lyon\/wp-json\/wp\/v2\/posts\/112\/revisions\/310"}],"wp:featuredmedia":[{"embeddable":true,"href":"https:\/\/seal.transport-manager.net\/Tibo_lyon\/wp-json\/wp\/v2\/media\/244"}],"wp:attachment":[{"href":"https:\/\/seal.transport-manager.net\/Tibo_lyon\/wp-json\/wp\/v2\/media?parent=112"}],"wp:term":[{"taxonomy":"category","embeddable":true,"href":"https:\/\/seal.transport-manager.net\/Tibo_lyon\/wp-json\/wp\/v2\/categories?post=112"},{"taxonomy":"post_tag","embeddable":true,"href":"https:\/\/seal.transport-manager.net\/Tibo_lyon\/wp-json\/wp\/v2\/tags?post=112"}],"curies":[{"name":"wp","href":"https:\/\/api.w.org\/{rel}","templated":true}]}}