{"id":132,"date":"2022-09-08T00:14:43","date_gmt":"2022-09-07T22:14:43","guid":{"rendered":"https:\/\/seal.transport-manager.net\/Tibo_lyon\/?p=132"},"modified":"2023-01-29T13:45:51","modified_gmt":"2023-01-29T12:45:51","slug":"journees-europeennes-du-patrimoine","status":"publish","type":"post","link":"https:\/\/seal.transport-manager.net\/Tibo_lyon\/2022\/09\/08\/journees-europeennes-du-patrimoine\/","title":{"rendered":"Journ\u00e9es Europ\u00e9ennes du Patrimoine"},"content":{"rendered":"<div class=\"wp-block-image\">\n<figure class=\"aligncenter size-full\"><img loading=\"lazy\" decoding=\"async\" width=\"500\" height=\"262\" src=\"https:\/\/seal.transport-manager.net\/Tibo_lyon\/wp-content\/uploads\/sites\/223\/2022\/09\/46757a406361-FACEBOOK_EVENT_RIMASUU_JEP2022.jpg\" alt=\"\" class=\"wp-image-139\" srcset=\"https:\/\/seal.transport-manager.net\/Tibo_lyon\/wp-content\/uploads\/sites\/223\/2022\/09\/46757a406361-FACEBOOK_EVENT_RIMASUU_JEP2022.jpg 500w, https:\/\/seal.transport-manager.net\/Tibo_lyon\/wp-content\/uploads\/sites\/223\/2022\/09\/46757a406361-FACEBOOK_EVENT_RIMASUU_JEP2022-300x157.jpg 300w\" sizes=\"auto, (max-width: 500px) 100vw, 500px\" \/><\/figure>\n<\/div>\n\n\n<figure class=\"wp-block-embed is-type-video is-provider-youtube wp-block-embed-youtube wp-embed-aspect-16-9 wp-has-aspect-ratio\"><div class=\"wp-block-embed__wrapper\">\n<div class='embed-container'><iframe loading=\"lazy\" title=\"Bus Fran\u00e7ais News - 14\/09\/2022\" width=\"1778\" height=\"1000\" src=\"https:\/\/www.youtube.com\/embed\/kaS_lP0LwKo?feature=oembed\" frameborder=\"0\" allow=\"accelerometer; autoplay; clipboard-write; encrypted-media; gyroscope; picture-in-picture; web-share\" allowfullscreen><\/iframe><\/div>\n<\/div><\/figure>\n\n\n\n<p>\u00c0 l&rsquo;occasion des Journ\u00e9es Europ\u00e9ennes du Patrimoine, les 17 &amp; 18 septembre prochain, nous organisons un tour de la ville avec notre plus ancien bus afin de promouvoir les transports en commun ainsi que le d\u00e9veloppement durable ! <\/p>\n\n\n\n<p class=\"has-accent-color has-text-color\"><strong>INFO DE DERNI\u00c8RE MINUTE ! Un 2\u1d49 bus circulera aussi ce samedi !<\/strong> (edit le 14\/09\/2022)<\/p>\n\n\n\n<p>Il r\u00e9alisera un circuit de 40 km (le trac\u00e9 arrivera vendredi soir pour garder la surprise ;)) \u00e0 faible allure pour que vous puissiez en profiter ! Il passera 3 fois par jour !<\/p>\n\n\n\n<p class=\"has-accent-color has-text-color\">\/!<strong>\\ ce bus ne prends pas de voyageurs<\/strong> \/!\\<\/p>\n\n\n\n<p>Le choix de vous pr\u00e9senter notre plus ancien bus est en accord avec le th\u00e8me du minist\u00e8re de la Culture \u00ab\u00a0Patrimoine Durable\u00a0\u00bb<\/p>\n\n\n\n<div class=\"wp-block-buttons alignwide is-layout-flex wp-block-buttons-is-layout-flex\">\n<div class=\"wp-block-button aligncenter\"><a class=\"wp-block-button__link wp-element-button\" href=\"https:\/\/journeesdupatrimoine.culture.gouv.fr\/\" target=\"_blank\" rel=\"noreferrer noopener\">Pour plus d&rsquo;informations au niveau national<\/a><\/div>\n<\/div>\n\n\n\n<p>Le bus que nous avons s\u00e9lectionn\u00e9 est notre bus Omnicity de chez Scania qui date de mars 2002.<\/p>\n\n\n\n<p><\/p>\n\n\n\n<p>Voici les publicit\u00e9s affich\u00e9es en ville<\/p>\n\n\n\n<figure class=\"wp-block-image size-large\"><img decoding=\"async\" src=\"https:\/\/raw.githubusercontent.com\/Cyber-Thibaut\/Train-Francais-Website\/main\/img\/images\/Porte%20Ouverte%20Parcs%20Et%20Jardins%20Poster.png\" alt=\"\" \/><\/figure>\n\n\n\n<figure class=\"wp-block-video\"><video controls src=\"https:\/\/raw.githubusercontent.com\/Cyber-Thibaut\/Train-Francais-Website\/main\/img\/images\/Blanc%20Noir%20Gris%20Dessin%C3%A9%20%C3%A0%20la%20main%20Lignes%20Vid%C3%A9o%20%C3%A9ducative%20explicative.mp4\"><\/video><\/figure>\n\n\n\n<h2 class=\"wp-block-heading\">Voici le plan du circuit<\/h2>\n\n\n\n<figure class=\"wp-block-image size-large\"><img loading=\"lazy\" decoding=\"async\" width=\"1024\" height=\"660\" src=\"https:\/\/seal.transport-manager.net\/Tibo_lyon\/wp-content\/uploads\/sites\/223\/2022\/09\/Plan_N1-1024x660.png\" alt=\"\" class=\"wp-image-142\" srcset=\"https:\/\/seal.transport-manager.net\/Tibo_lyon\/wp-content\/uploads\/sites\/223\/2022\/09\/Plan_N1-1024x660.png 1024w, https:\/\/seal.transport-manager.net\/Tibo_lyon\/wp-content\/uploads\/sites\/223\/2022\/09\/Plan_N1-300x193.png 300w, https:\/\/seal.transport-manager.net\/Tibo_lyon\/wp-content\/uploads\/sites\/223\/2022\/09\/Plan_N1-768x495.png 768w, https:\/\/seal.transport-manager.net\/Tibo_lyon\/wp-content\/uploads\/sites\/223\/2022\/09\/Plan_N1-1536x990.png 1536w, https:\/\/seal.transport-manager.net\/Tibo_lyon\/wp-content\/uploads\/sites\/223\/2022\/09\/Plan_N1-2048x1320.png 2048w\" sizes=\"auto, (max-width: 1024px) 100vw, 1024px\" \/><\/figure>\n","protected":false},"excerpt":{"rendered":"<p>\u00c0 l&rsquo;occasion des Journ\u00e9es Europ\u00e9ennes du Patrimoine, les 17 &amp; 18 septembre prochain, nous organisons un tour de la ville avec notre plus ancien bus afin de promouvoir les transports&nbsp;&hellip;<\/p>\n","protected":false},"author":249,"featured_media":139,"comment_status":"open","ping_status":"open","sticky":false,"template":"","format":"standard","meta":{"footnotes":""},"categories":[8,6],"tags":[25,15],"class_list":["post-132","post","type-post","status-publish","format-standard","has-post-thumbnail","hentry","category-actu","category-ls","tag-jep","tag-jep2k22"],"_links":{"self":[{"href":"https:\/\/seal.transport-manager.net\/Tibo_lyon\/wp-json\/wp\/v2\/posts\/132","targetHints":{"allow":["GET"]}}],"collection":[{"href":"https:\/\/seal.transport-manager.net\/Tibo_lyon\/wp-json\/wp\/v2\/posts"}],"about":[{"href":"https:\/\/seal.transport-manager.net\/Tibo_lyon\/wp-json\/wp\/v2\/types\/post"}],"author":[{"embeddable":true,"href":"https:\/\/seal.transport-manager.net\/Tibo_lyon\/wp-json\/wp\/v2\/users\/249"}],"replies":[{"embeddable":true,"href":"https:\/\/seal.transport-manager.net\/Tibo_lyon\/wp-json\/wp\/v2\/comments?post=132"}],"version-history":[{"count":10,"href":"https:\/\/seal.transport-manager.net\/Tibo_lyon\/wp-json\/wp\/v2\/posts\/132\/revisions"}],"predecessor-version":[{"id":265,"href":"https:\/\/seal.transport-manager.net\/Tibo_lyon\/wp-json\/wp\/v2\/posts\/132\/revisions\/265"}],"wp:featuredmedia":[{"embeddable":true,"href":"https:\/\/seal.transport-manager.net\/Tibo_lyon\/wp-json\/wp\/v2\/media\/139"}],"wp:attachment":[{"href":"https:\/\/seal.transport-manager.net\/Tibo_lyon\/wp-json\/wp\/v2\/media?parent=132"}],"wp:term":[{"taxonomy":"category","embeddable":true,"href":"https:\/\/seal.transport-manager.net\/Tibo_lyon\/wp-json\/wp\/v2\/categories?post=132"},{"taxonomy":"post_tag","embeddable":true,"href":"https:\/\/seal.transport-manager.net\/Tibo_lyon\/wp-json\/wp\/v2\/tags?post=132"}],"curies":[{"name":"wp","href":"https:\/\/api.w.org\/{rel}","templated":true}]}}