{"id":154,"date":"2022-11-25T07:00:00","date_gmt":"2022-11-25T06:00:00","guid":{"rendered":"https:\/\/seal.transport-manager.net\/Tibo_lyon\/?p=154"},"modified":"2023-02-08T11:51:44","modified_gmt":"2023-02-08T10:51:44","slug":"noel-2022","status":"publish","type":"post","link":"https:\/\/seal.transport-manager.net\/Tibo_lyon\/2022\/11\/25\/noel-2022\/","title":{"rendered":"No\u00ebl 2022"},"content":{"rendered":"\n<p>Comme chaque ann\u00e9e, la dinde aux marrons, tonton qui se coupe en ouvrant les huitres, la tonne de papier-cadeau, mais surtout la course \u00e0 la meilleure liste de cadeaux pour le bonhomme rouge sont de retour, et pour les plus courageux face au froid auvergnat \u00e9galement son traditionnel village situ\u00e9 place de la Victoire. <\/p>\n\n\n\n<p>Pour vous permettre d&rsquo;y acc\u00e9der sans vous perdre et vous assurer que votre lettre rejoindra bien la demeure au nord de notre plan\u00e8te, nous mettons en place une navette sp\u00e9ciale qui partira de la gare de la Pardieu pour rejoindre le CHU G.Montpied en passant par la place de la Victoire \ud83d\ude09 correspondance avec la <a href=\"https:\/\/seal.transport-manager.net\/Tibo_lyon\/ligne-1\/\" data-type=\"page\" data-id=\"103\">ligne 1<\/a> au niveau du CHU.<br>Les lignes de bus ainsi que de tramway verront leurs fr\u00e9quences augment\u00e9es lors de cette p\u00e9riode.<\/p>\n\n\n\n<p><strong>Attention !<\/strong> Un titre de transport est obligatoire pour monter \u00e0 bord de notre navette !<\/p>\n\n\n\n<p>Cette navette circulera du 25 novembre au 25 d\u00e9cembre 2022 avec ses fr\u00e9quences :<\/p>\n\n\n\n<figure class=\"wp-block-table alignwide is-style-stripes\"><table><tbody><tr><td>Cr\u00e9neau<\/td><td>Heures creuses<\/td><td>Heure de Pointe<\/td><td>Heure du Soir<\/td><td>Heure Creuse  Samedi<\/td><td>Heure de Pointe Samedi<\/td><td>Heure du Soir  Samedi<\/td><td>Heure Creuse  Dimanche<\/td><td>Heure de Pointe Dimanche<\/td><\/tr><tr><td>Fr\u00e9quence<\/td><td>\/<\/td><td>\/<\/td><td>\/<\/td><td>PAS DE SERVICE<\/td><td>Un bus toutes les 9 minutes<\/td><td>Un bus toutes les 13 minutes<\/td><td>PAS DE SERVICE<\/td><td>Un bus toutes les 13 minutes<\/td><\/tr><\/tbody><\/table><\/figure>\n\n\n<div class=\"wp-block-image\">\n<figure class=\"aligncenter size-full\"><img loading=\"lazy\" decoding=\"async\" width=\"224\" height=\"225\" src=\"https:\/\/seal.transport-manager.net\/Tibo_lyon\/wp-content\/uploads\/sites\/223\/2022\/11\/index.jpg\" alt=\"\" class=\"wp-image-166\" srcset=\"https:\/\/seal.transport-manager.net\/Tibo_lyon\/wp-content\/uploads\/sites\/223\/2022\/11\/index.jpg 224w, https:\/\/seal.transport-manager.net\/Tibo_lyon\/wp-content\/uploads\/sites\/223\/2022\/11\/index-150x150.jpg 150w\" sizes=\"auto, (max-width: 224px) 100vw, 224px\" \/><\/figure>\n<\/div>\n\n\n<p>Information vigipirate : La navette est votre seul moyen d&rsquo;acc\u00e8s \u00e0 cette zone pendant les festivit\u00e9s, des agents de s\u00e9curit\u00e9 seront pr\u00e9sents dans les bus pour vous contr\u00f4ler lors de la mont\u00e9e pour vous \u00e9viter de vous retrouver bloqu\u00e9s au village en cas de pr\u00e9sence d&rsquo;objets interdits.<\/p>\n\n\n\n<figure class=\"wp-block-gallery has-nested-images columns-default is-cropped wp-block-gallery-1 is-layout-flex wp-block-gallery-is-layout-flex\">\n<figure class=\"wp-block-image size-large\"><img loading=\"lazy\" decoding=\"async\" width=\"480\" height=\"675\" data-id=\"164\" src=\"https:\/\/seal.transport-manager.net\/Tibo_lyon\/wp-content\/uploads\/sites\/223\/2022\/11\/Affiche-Covid-ensemble-restons-prudents-juillet-2022_image-sm.jpg\" alt=\"\" class=\"wp-image-164\" srcset=\"https:\/\/seal.transport-manager.net\/Tibo_lyon\/wp-content\/uploads\/sites\/223\/2022\/11\/Affiche-Covid-ensemble-restons-prudents-juillet-2022_image-sm.jpg 480w, https:\/\/seal.transport-manager.net\/Tibo_lyon\/wp-content\/uploads\/sites\/223\/2022\/11\/Affiche-Covid-ensemble-restons-prudents-juillet-2022_image-sm-213x300.jpg 213w\" sizes=\"auto, (max-width: 480px) 100vw, 480px\" \/><\/figure>\n\n\n\n<figure class=\"wp-block-image size-large\"><img loading=\"lazy\" decoding=\"async\" width=\"737\" height=\"1024\" data-id=\"165\" src=\"https:\/\/seal.transport-manager.net\/Tibo_lyon\/wp-content\/uploads\/sites\/223\/2022\/11\/affiche_-_hexagone-737x1024.jpg\" alt=\"\" class=\"wp-image-165\" srcset=\"https:\/\/seal.transport-manager.net\/Tibo_lyon\/wp-content\/uploads\/sites\/223\/2022\/11\/affiche_-_hexagone-737x1024.jpg 737w, https:\/\/seal.transport-manager.net\/Tibo_lyon\/wp-content\/uploads\/sites\/223\/2022\/11\/affiche_-_hexagone-216x300.jpg 216w, https:\/\/seal.transport-manager.net\/Tibo_lyon\/wp-content\/uploads\/sites\/223\/2022\/11\/affiche_-_hexagone-768x1067.jpg 768w, https:\/\/seal.transport-manager.net\/Tibo_lyon\/wp-content\/uploads\/sites\/223\/2022\/11\/affiche_-_hexagone-1106x1536.jpg 1106w, https:\/\/seal.transport-manager.net\/Tibo_lyon\/wp-content\/uploads\/sites\/223\/2022\/11\/affiche_-_hexagone-1475x2048.jpg 1475w, https:\/\/seal.transport-manager.net\/Tibo_lyon\/wp-content\/uploads\/sites\/223\/2022\/11\/affiche_-_hexagone-scaled.jpg 1843w\" sizes=\"auto, (max-width: 737px) 100vw, 737px\" \/><\/figure>\n<\/figure>\n\n\n\n<p>La COVID-19 n&rsquo;est pas parti, pour passer des f\u00eates de fin d&rsquo;ann\u00e9e en toute s\u00e9curit\u00e9, faites attention et en cas de forte affluence, mettez un masque. <\/p>\n\n\n\n<p>Prenez soin de vous et bonnes f\u00eates de fin d&rsquo;ann\u00e9e \u2665<\/p>\n","protected":false},"excerpt":{"rendered":"<p>Comme chaque ann\u00e9e, la dinde aux marrons, tonton qui se coupe en ouvrant les huitres, la tonne de papier-cadeau, mais surtout la course \u00e0 la meilleure liste de cadeaux pour&nbsp;&hellip;<\/p>\n","protected":false},"author":249,"featured_media":244,"comment_status":"open","ping_status":"open","sticky":false,"template":"","format":"standard","meta":{"footnotes":""},"categories":[8,7,11],"tags":[19,17,16,18],"class_list":["post-154","post","type-post","status-publish","format-standard","has-post-thumbnail","hentry","category-actu","category-if","category-11","tag-clermont-ferrand","tag-navette-fin-dannee","tag-noel","tag-village-noel"],"_links":{"self":[{"href":"https:\/\/seal.transport-manager.net\/Tibo_lyon\/wp-json\/wp\/v2\/posts\/154","targetHints":{"allow":["GET"]}}],"collection":[{"href":"https:\/\/seal.transport-manager.net\/Tibo_lyon\/wp-json\/wp\/v2\/posts"}],"about":[{"href":"https:\/\/seal.transport-manager.net\/Tibo_lyon\/wp-json\/wp\/v2\/types\/post"}],"author":[{"embeddable":true,"href":"https:\/\/seal.transport-manager.net\/Tibo_lyon\/wp-json\/wp\/v2\/users\/249"}],"replies":[{"embeddable":true,"href":"https:\/\/seal.transport-manager.net\/Tibo_lyon\/wp-json\/wp\/v2\/comments?post=154"}],"version-history":[{"count":15,"href":"https:\/\/seal.transport-manager.net\/Tibo_lyon\/wp-json\/wp\/v2\/posts\/154\/revisions"}],"predecessor-version":[{"id":312,"href":"https:\/\/seal.transport-manager.net\/Tibo_lyon\/wp-json\/wp\/v2\/posts\/154\/revisions\/312"}],"wp:featuredmedia":[{"embeddable":true,"href":"https:\/\/seal.transport-manager.net\/Tibo_lyon\/wp-json\/wp\/v2\/media\/244"}],"wp:attachment":[{"href":"https:\/\/seal.transport-manager.net\/Tibo_lyon\/wp-json\/wp\/v2\/media?parent=154"}],"wp:term":[{"taxonomy":"category","embeddable":true,"href":"https:\/\/seal.transport-manager.net\/Tibo_lyon\/wp-json\/wp\/v2\/categories?post=154"},{"taxonomy":"post_tag","embeddable":true,"href":"https:\/\/seal.transport-manager.net\/Tibo_lyon\/wp-json\/wp\/v2\/tags?post=154"}],"curies":[{"name":"wp","href":"https:\/\/api.w.org\/{rel}","templated":true}]}}