{"id":262,"date":"2023-01-29T13:41:13","date_gmt":"2023-01-29T12:41:13","guid":{"rendered":"https:\/\/seal.transport-manager.net\/Tibo_lyon\/?p=262"},"modified":"2023-02-04T02:59:56","modified_gmt":"2023-02-04T01:59:56","slug":"mouvement-national-31-01-2023","status":"publish","type":"post","link":"https:\/\/seal.transport-manager.net\/Tibo_lyon\/2023\/01\/29\/mouvement-national-31-01-2023\/","title":{"rendered":"Mouvement national &#8211; 31\/01\/2023"},"content":{"rendered":"\n<p>Chers voyageurs,<\/p>\n\n\n\n<p>Les syndicats appellent \u00e0 une gr\u00e8ve g\u00e9n\u00e9rale et nationale le mardi 31 janvier 2023. Les revendications concernent le projet de r\u00e9forme des retraites du gouvernement.<\/p>\n\n\n\n<p>Nous allons tout donner pour vous pr\u00e9venir le plus t\u00f4t possible et r\u00e9duire au maximum les incidents sur votre temps de trajet.<\/p>\n\n\n\n<p>Une ligne pour la manifestation sera mise en place l&rsquo;apr\u00e8s-midi. Aucun bus ne circulera ce mardi apr\u00e8s-midi.<\/p>\n\n\n\n<p>Bonne fin de week-end.<\/p>\n\n\n\n<figure class=\"wp-block-table\"><table><tbody><tr><td class=\"has-text-align-center\" data-align=\"center\">Ligne 1<\/td><td class=\"has-text-align-center\" data-align=\"center\">Ligne 2 <\/td><td class=\"has-text-align-center\" data-align=\"center\">Ligne 3<\/td><td class=\"has-text-align-center\" data-align=\"center\">Ligne 4<\/td><\/tr><tr><td class=\"has-text-align-center\" data-align=\"center\">Circule de 7h \u00e0 9h puis de 17h \u00e0 19h<\/td><td class=\"has-text-align-center\" data-align=\"center\">Circule de 7h \u00e0 9h puis de 17h \u00e0 19h<\/td><td class=\"has-text-align-center\" data-align=\"center\">Circule de 7h \u00e0 9h puis de 17h \u00e0 19h<\/td><td class=\"has-text-align-center\" data-align=\"center\">Circule de 7h \u00e0 9h puis de 17h \u00e0 19h<\/td><\/tr><\/tbody><\/table><\/figure>\n\n\n\n<p>La navette de la manifestation circule de 12h \u00e0 13h puis de 16h \u00e0 17h.<\/p>\n\n\n\n<hr class=\"wp-block-separator has-alpha-channel-opacity\" \/>\n\n\n\n<figure class=\"wp-block-image size-large\"><img loading=\"lazy\" decoding=\"async\" width=\"724\" height=\"1024\" src=\"https:\/\/seal.transport-manager.net\/Tibo_lyon\/wp-content\/uploads\/sites\/223\/2023\/01\/annonces-tcm-724x1024.png\" alt=\"\" class=\"wp-image-273\" srcset=\"https:\/\/seal.transport-manager.net\/Tibo_lyon\/wp-content\/uploads\/sites\/223\/2023\/01\/annonces-tcm-724x1024.png 724w, https:\/\/seal.transport-manager.net\/Tibo_lyon\/wp-content\/uploads\/sites\/223\/2023\/01\/annonces-tcm-212x300.png 212w, https:\/\/seal.transport-manager.net\/Tibo_lyon\/wp-content\/uploads\/sites\/223\/2023\/01\/annonces-tcm-768x1086.png 768w, https:\/\/seal.transport-manager.net\/Tibo_lyon\/wp-content\/uploads\/sites\/223\/2023\/01\/annonces-tcm-1086x1536.png 1086w, https:\/\/seal.transport-manager.net\/Tibo_lyon\/wp-content\/uploads\/sites\/223\/2023\/01\/annonces-tcm-1448x2048.png 1448w, https:\/\/seal.transport-manager.net\/Tibo_lyon\/wp-content\/uploads\/sites\/223\/2023\/01\/annonces-tcm.png 1587w\" sizes=\"auto, (max-width: 724px) 100vw, 724px\" \/><\/figure>\n","protected":false},"excerpt":{"rendered":"<p>Chers voyageurs, Les syndicats appellent \u00e0 une gr\u00e8ve g\u00e9n\u00e9rale et nationale le mardi 31 janvier 2023. Les revendications concernent le projet de r\u00e9forme des retraites du gouvernement. Nous allons tout&nbsp;&hellip;<\/p>\n","protected":false},"author":249,"featured_media":263,"comment_status":"open","ping_status":"open","sticky":false,"template":"","format":"standard","meta":{"footnotes":""},"categories":[8,7,11,9,10,12],"tags":[21,24,22,23],"class_list":["post-262","post","type-post","status-publish","format-standard","has-post-thumbnail","hentry","category-actu","category-if","category-11","category-9","category-10","category-12","tag-greve","tag-info-trafic","tag-mouvement-social","tag-reseau-impacte"],"_links":{"self":[{"href":"https:\/\/seal.transport-manager.net\/Tibo_lyon\/wp-json\/wp\/v2\/posts\/262","targetHints":{"allow":["GET"]}}],"collection":[{"href":"https:\/\/seal.transport-manager.net\/Tibo_lyon\/wp-json\/wp\/v2\/posts"}],"about":[{"href":"https:\/\/seal.transport-manager.net\/Tibo_lyon\/wp-json\/wp\/v2\/types\/post"}],"author":[{"embeddable":true,"href":"https:\/\/seal.transport-manager.net\/Tibo_lyon\/wp-json\/wp\/v2\/users\/249"}],"replies":[{"embeddable":true,"href":"https:\/\/seal.transport-manager.net\/Tibo_lyon\/wp-json\/wp\/v2\/comments?post=262"}],"version-history":[{"count":3,"href":"https:\/\/seal.transport-manager.net\/Tibo_lyon\/wp-json\/wp\/v2\/posts\/262\/revisions"}],"predecessor-version":[{"id":274,"href":"https:\/\/seal.transport-manager.net\/Tibo_lyon\/wp-json\/wp\/v2\/posts\/262\/revisions\/274"}],"wp:featuredmedia":[{"embeddable":true,"href":"https:\/\/seal.transport-manager.net\/Tibo_lyon\/wp-json\/wp\/v2\/media\/263"}],"wp:attachment":[{"href":"https:\/\/seal.transport-manager.net\/Tibo_lyon\/wp-json\/wp\/v2\/media?parent=262"}],"wp:term":[{"taxonomy":"category","embeddable":true,"href":"https:\/\/seal.transport-manager.net\/Tibo_lyon\/wp-json\/wp\/v2\/categories?post=262"},{"taxonomy":"post_tag","embeddable":true,"href":"https:\/\/seal.transport-manager.net\/Tibo_lyon\/wp-json\/wp\/v2\/tags?post=262"}],"curies":[{"name":"wp","href":"https:\/\/api.w.org\/{rel}","templated":true}]}}