{"id":291,"date":"2023-02-06T15:06:04","date_gmt":"2023-02-06T14:06:04","guid":{"rendered":"https:\/\/seal.transport-manager.net\/Tibo_lyon\/?p=291"},"modified":"2023-02-08T08:42:40","modified_gmt":"2023-02-08T07:42:40","slug":"7-02-2023","status":"publish","type":"post","link":"https:\/\/seal.transport-manager.net\/Tibo_lyon\/2023\/02\/06\/7-02-2023\/","title":{"rendered":"Mouvement national &#8211; 7\/02\/2023"},"content":{"rendered":"\n<p>Chers voyageurs,<\/p>\n\n\n\n<p>Les syndicats appellent \u00e0 une gr\u00e8ve g\u00e9n\u00e9rale et nationale le mardi 7 f\u00e9vrier 2023. Les revendications concernent le projet de r\u00e9forme des retraites du gouvernement.<\/p>\n\n\n\n<p>Nous allons tout donner pour vous pr\u00e9venir le plus t\u00f4t possible et r\u00e9duire au maximum les incidents sur votre temps de trajet.<\/p>\n\n\n\n<p>Une ligne pour la manifestation sera mise en place l&rsquo;apr\u00e8s-midi. Aucun bus ne circulera ce mardi apr\u00e8s-midi.<\/p>\n\n\n\n<p>Bonne fin de week-end.<\/p>\n\n\n\n<figure class=\"wp-block-table\"><table><tbody><tr><td class=\"has-text-align-center\" data-align=\"center\">Ligne 1<\/td><td class=\"has-text-align-center\" data-align=\"center\">Ligne 2 <\/td><td class=\"has-text-align-center\" data-align=\"center\">Ligne 3<\/td><td class=\"has-text-align-center\" data-align=\"center\">Ligne 4<\/td><\/tr><tr><td class=\"has-text-align-center\" data-align=\"center\">Aucune modification<\/td><td class=\"has-text-align-center\" data-align=\"center\">Aucune modification<\/td><td class=\"has-text-align-center\" data-align=\"center\">Aucune modification<\/td><td class=\"has-text-align-center\" data-align=\"center\">Aucune modification<\/td><\/tr><\/tbody><\/table><\/figure>\n\n\n\n<p>La navette de la manifestation circule de 12h \u00e0 13h puis de 16h \u00e0 17h.<\/p>\n\n\n\n<figure class=\"wp-block-image size-large\"><img loading=\"lazy\" decoding=\"async\" width=\"1024\" height=\"576\" src=\"https:\/\/seal.transport-manager.net\/Tibo_lyon\/wp-content\/uploads\/sites\/223\/2023\/02\/greve-1024x576.png\" alt=\"\" class=\"wp-image-292\" srcset=\"https:\/\/seal.transport-manager.net\/Tibo_lyon\/wp-content\/uploads\/sites\/223\/2023\/02\/greve-1024x576.png 1024w, https:\/\/seal.transport-manager.net\/Tibo_lyon\/wp-content\/uploads\/sites\/223\/2023\/02\/greve-300x169.png 300w, https:\/\/seal.transport-manager.net\/Tibo_lyon\/wp-content\/uploads\/sites\/223\/2023\/02\/greve-768x432.png 768w, https:\/\/seal.transport-manager.net\/Tibo_lyon\/wp-content\/uploads\/sites\/223\/2023\/02\/greve-1536x864.png 1536w, https:\/\/seal.transport-manager.net\/Tibo_lyon\/wp-content\/uploads\/sites\/223\/2023\/02\/greve.png 1600w\" sizes=\"auto, (max-width: 1024px) 100vw, 1024px\" \/><\/figure>\n","protected":false},"excerpt":{"rendered":"<p>Chers voyageurs, Les syndicats appellent \u00e0 une gr\u00e8ve g\u00e9n\u00e9rale et nationale le mardi 7 f\u00e9vrier 2023. Les revendications concernent le projet de r\u00e9forme des retraites du gouvernement. Nous allons tout&nbsp;&hellip;<\/p>\n","protected":false},"author":249,"featured_media":293,"comment_status":"open","ping_status":"open","sticky":false,"template":"","format":"standard","meta":{"footnotes":""},"categories":[8,7,11,9,10,12],"tags":[],"class_list":["post-291","post","type-post","status-publish","format-standard","has-post-thumbnail","hentry","category-actu","category-if","category-11","category-9","category-10","category-12"],"_links":{"self":[{"href":"https:\/\/seal.transport-manager.net\/Tibo_lyon\/wp-json\/wp\/v2\/posts\/291","targetHints":{"allow":["GET"]}}],"collection":[{"href":"https:\/\/seal.transport-manager.net\/Tibo_lyon\/wp-json\/wp\/v2\/posts"}],"about":[{"href":"https:\/\/seal.transport-manager.net\/Tibo_lyon\/wp-json\/wp\/v2\/types\/post"}],"author":[{"embeddable":true,"href":"https:\/\/seal.transport-manager.net\/Tibo_lyon\/wp-json\/wp\/v2\/users\/249"}],"replies":[{"embeddable":true,"href":"https:\/\/seal.transport-manager.net\/Tibo_lyon\/wp-json\/wp\/v2\/comments?post=291"}],"version-history":[{"count":2,"href":"https:\/\/seal.transport-manager.net\/Tibo_lyon\/wp-json\/wp\/v2\/posts\/291\/revisions"}],"predecessor-version":[{"id":305,"href":"https:\/\/seal.transport-manager.net\/Tibo_lyon\/wp-json\/wp\/v2\/posts\/291\/revisions\/305"}],"wp:featuredmedia":[{"embeddable":true,"href":"https:\/\/seal.transport-manager.net\/Tibo_lyon\/wp-json\/wp\/v2\/media\/293"}],"wp:attachment":[{"href":"https:\/\/seal.transport-manager.net\/Tibo_lyon\/wp-json\/wp\/v2\/media?parent=291"}],"wp:term":[{"taxonomy":"category","embeddable":true,"href":"https:\/\/seal.transport-manager.net\/Tibo_lyon\/wp-json\/wp\/v2\/categories?post=291"},{"taxonomy":"post_tag","embeddable":true,"href":"https:\/\/seal.transport-manager.net\/Tibo_lyon\/wp-json\/wp\/v2\/tags?post=291"}],"curies":[{"name":"wp","href":"https:\/\/api.w.org\/{rel}","templated":true}]}}