{"id":306,"date":"2023-02-08T08:42:10","date_gmt":"2023-02-08T07:42:10","guid":{"rendered":"https:\/\/seal.transport-manager.net\/Tibo_lyon\/?p=306"},"modified":"2023-02-23T17:52:15","modified_gmt":"2023-02-23T16:52:15","slug":"11-02-2023","status":"publish","type":"post","link":"https:\/\/seal.transport-manager.net\/Tibo_lyon\/2023\/02\/08\/11-02-2023\/","title":{"rendered":"Mouvement national &#8211; 11\/02\/2023"},"content":{"rendered":"\n<p>Chers voyageurs,<\/p>\n\n\n\n<p>Les syndicats appellent \u00e0 une gr\u00e8ve g\u00e9n\u00e9rale et nationale le samedi 11 f\u00e9vrier 2023. Les revendications concernent le projet de r\u00e9forme des retraites du gouvernement.<\/p>\n\n\n\n<p>Nous allons tout donner pour vous pr\u00e9venir le plus t\u00f4t possible et r\u00e9duire au maximum les incidents sur votre temps de trajet.<\/p>\n\n\n\n<p>Une ligne pour la manifestation sera mise en place l&rsquo;apr\u00e8s-midi. Aucun bus ne circulera ce samedi apr\u00e8s-midi.<\/p>\n\n\n\n<p>Bonne fin de week-end.<\/p>\n\n\n\n<figure class=\"wp-block-table\"><table><tbody><tr><td class=\"has-text-align-center\" data-align=\"center\">Ligne 1<\/td><td class=\"has-text-align-center\" data-align=\"center\">Ligne 2 <\/td><td class=\"has-text-align-center\" data-align=\"center\">Ligne 3<\/td><td class=\"has-text-align-center\" data-align=\"center\">Ligne 4<\/td><\/tr><tr><td class=\"has-text-align-center\" data-align=\"center\">Plus d&rsquo;infos le 11 au matin<\/td><td class=\"has-text-align-center\" data-align=\"center\">Plus d&rsquo;infos le 11 au matin<\/td><td class=\"has-text-align-center\" data-align=\"center\">Plus d&rsquo;infos le 11 au matin<\/td><td class=\"has-text-align-center\" data-align=\"center\">Plus d&rsquo;infos le 11 au matin<\/td><\/tr><\/tbody><\/table><\/figure>\n\n\n\n<p>La navette de la manifestation circule de 12h \u00e0 13h puis de 16h \u00e0 17h.<\/p>\n\n\n\n<figure class=\"wp-block-image size-large\"><img loading=\"lazy\" decoding=\"async\" width=\"1024\" height=\"576\" src=\"https:\/\/seal.transport-manager.net\/Tibo_lyon\/wp-content\/uploads\/sites\/223\/2023\/02\/greve-11-02-1024x576.png\" alt=\"\" class=\"wp-image-307\" srcset=\"https:\/\/seal.transport-manager.net\/Tibo_lyon\/wp-content\/uploads\/sites\/223\/2023\/02\/greve-11-02-1024x576.png 1024w, https:\/\/seal.transport-manager.net\/Tibo_lyon\/wp-content\/uploads\/sites\/223\/2023\/02\/greve-11-02-300x169.png 300w, https:\/\/seal.transport-manager.net\/Tibo_lyon\/wp-content\/uploads\/sites\/223\/2023\/02\/greve-11-02-768x432.png 768w, https:\/\/seal.transport-manager.net\/Tibo_lyon\/wp-content\/uploads\/sites\/223\/2023\/02\/greve-11-02-1536x864.png 1536w, https:\/\/seal.transport-manager.net\/Tibo_lyon\/wp-content\/uploads\/sites\/223\/2023\/02\/greve-11-02.png 1600w\" sizes=\"auto, (max-width: 1024px) 100vw, 1024px\" \/><\/figure>\n","protected":false},"excerpt":{"rendered":"<p>Chers voyageurs, Les syndicats appellent \u00e0 une gr\u00e8ve g\u00e9n\u00e9rale et nationale le samedi 11 f\u00e9vrier 2023. Les revendications concernent le projet de r\u00e9forme des retraites du gouvernement. Nous allons tout&nbsp;&hellip;<\/p>\n","protected":false},"author":249,"featured_media":307,"comment_status":"open","ping_status":"open","sticky":false,"template":"","format":"standard","meta":{"footnotes":""},"categories":[8,7,11,9,10,12],"tags":[14,21,22,23],"class_list":["post-306","post","type-post","status-publish","format-standard","has-post-thumbnail","hentry","category-actu","category-if","category-11","category-9","category-10","category-12","tag-2022-2023","tag-greve","tag-mouvement-social","tag-reseau-impacte"],"_links":{"self":[{"href":"https:\/\/seal.transport-manager.net\/Tibo_lyon\/wp-json\/wp\/v2\/posts\/306","targetHints":{"allow":["GET"]}}],"collection":[{"href":"https:\/\/seal.transport-manager.net\/Tibo_lyon\/wp-json\/wp\/v2\/posts"}],"about":[{"href":"https:\/\/seal.transport-manager.net\/Tibo_lyon\/wp-json\/wp\/v2\/types\/post"}],"author":[{"embeddable":true,"href":"https:\/\/seal.transport-manager.net\/Tibo_lyon\/wp-json\/wp\/v2\/users\/249"}],"replies":[{"embeddable":true,"href":"https:\/\/seal.transport-manager.net\/Tibo_lyon\/wp-json\/wp\/v2\/comments?post=306"}],"version-history":[{"count":1,"href":"https:\/\/seal.transport-manager.net\/Tibo_lyon\/wp-json\/wp\/v2\/posts\/306\/revisions"}],"predecessor-version":[{"id":308,"href":"https:\/\/seal.transport-manager.net\/Tibo_lyon\/wp-json\/wp\/v2\/posts\/306\/revisions\/308"}],"wp:featuredmedia":[{"embeddable":true,"href":"https:\/\/seal.transport-manager.net\/Tibo_lyon\/wp-json\/wp\/v2\/media\/307"}],"wp:attachment":[{"href":"https:\/\/seal.transport-manager.net\/Tibo_lyon\/wp-json\/wp\/v2\/media?parent=306"}],"wp:term":[{"taxonomy":"category","embeddable":true,"href":"https:\/\/seal.transport-manager.net\/Tibo_lyon\/wp-json\/wp\/v2\/categories?post=306"},{"taxonomy":"post_tag","embeddable":true,"href":"https:\/\/seal.transport-manager.net\/Tibo_lyon\/wp-json\/wp\/v2\/tags?post=306"}],"curies":[{"name":"wp","href":"https:\/\/api.w.org\/{rel}","templated":true}]}}