{"id":358,"date":"2023-02-25T14:52:26","date_gmt":"2023-02-25T13:52:26","guid":{"rendered":"https:\/\/seal.transport-manager.net\/Tibo_lyon\/?p=358"},"modified":"2023-03-01T14:55:25","modified_gmt":"2023-03-01T13:55:25","slug":"clermont-fais-son-carnaval","status":"publish","type":"post","link":"https:\/\/seal.transport-manager.net\/Tibo_lyon\/2023\/02\/25\/clermont-fais-son-carnaval\/","title":{"rendered":"Clermont fais son Carnaval"},"content":{"rendered":"\n<p>Bonjour \u00e0 tous, <\/p>\n\n\n\n<p>Nous sommes heureux de vous informer que la ville de Clermont-Ferrand organise son carnaval annuel au Parc Montjuzet le dimanche 5 mars. <\/p>\n\n\n\n<p>Afin de faciliter votre acc\u00e8s \u00e0 l&rsquo;\u00e9v\u00e9nement, nous avons mis en place une navette gratuite entre la gare et le parc, la ligne <strong>809<\/strong>. <\/p>\n\n\n\n<p>Cette navette circulera r\u00e9guli\u00e8rement tout au long de la journ\u00e9e pour vous permettre de vous rendre sur place en toute simplicit\u00e9. <\/p>\n\n\n\n<p>Les horaires et les arr\u00eats de la navette sont disponibles sur notre site web ou notre application mobile. <\/p>\n\n\n\n<p>Nous vous rappelons que le stationnement autour du parc sera tr\u00e8s limit\u00e9, donc nous vous encourageons vivement \u00e0 utiliser notre service de navette gratuit pour vous rendre sur place. <\/p>\n\n\n\n<p>Nous vous souhaitons un excellent carnaval !<\/p>\n\n\n\n<figure class=\"wp-block-image size-large\"><img loading=\"lazy\" decoding=\"async\" width=\"1024\" height=\"580\" src=\"https:\/\/seal.transport-manager.net\/Tibo_lyon\/wp-content\/uploads\/sites\/223\/2023\/03\/image-1-1024x580.png\" alt=\"\" class=\"wp-image-359\" srcset=\"https:\/\/seal.transport-manager.net\/Tibo_lyon\/wp-content\/uploads\/sites\/223\/2023\/03\/image-1-1024x580.png 1024w, https:\/\/seal.transport-manager.net\/Tibo_lyon\/wp-content\/uploads\/sites\/223\/2023\/03\/image-1-300x170.png 300w, https:\/\/seal.transport-manager.net\/Tibo_lyon\/wp-content\/uploads\/sites\/223\/2023\/03\/image-1-768x435.png 768w, https:\/\/seal.transport-manager.net\/Tibo_lyon\/wp-content\/uploads\/sites\/223\/2023\/03\/image-1.png 1248w\" sizes=\"auto, (max-width: 1024px) 100vw, 1024px\" \/><\/figure>\n","protected":false},"excerpt":{"rendered":"<p>Bonjour \u00e0 tous, Nous sommes heureux de vous informer que la ville de Clermont-Ferrand organise son carnaval annuel au Parc Montjuzet le dimanche 5 mars. Afin de faciliter votre acc\u00e8s&nbsp;&hellip;<\/p>\n","protected":false},"author":249,"featured_media":359,"comment_status":"open","ping_status":"open","sticky":false,"template":"","format":"standard","meta":{"footnotes":""},"categories":[8,7],"tags":[37],"class_list":["post-358","post","type-post","status-publish","format-standard","has-post-thumbnail","hentry","category-actu","category-if","tag-carnaval"],"_links":{"self":[{"href":"https:\/\/seal.transport-manager.net\/Tibo_lyon\/wp-json\/wp\/v2\/posts\/358","targetHints":{"allow":["GET"]}}],"collection":[{"href":"https:\/\/seal.transport-manager.net\/Tibo_lyon\/wp-json\/wp\/v2\/posts"}],"about":[{"href":"https:\/\/seal.transport-manager.net\/Tibo_lyon\/wp-json\/wp\/v2\/types\/post"}],"author":[{"embeddable":true,"href":"https:\/\/seal.transport-manager.net\/Tibo_lyon\/wp-json\/wp\/v2\/users\/249"}],"replies":[{"embeddable":true,"href":"https:\/\/seal.transport-manager.net\/Tibo_lyon\/wp-json\/wp\/v2\/comments?post=358"}],"version-history":[{"count":1,"href":"https:\/\/seal.transport-manager.net\/Tibo_lyon\/wp-json\/wp\/v2\/posts\/358\/revisions"}],"predecessor-version":[{"id":360,"href":"https:\/\/seal.transport-manager.net\/Tibo_lyon\/wp-json\/wp\/v2\/posts\/358\/revisions\/360"}],"wp:featuredmedia":[{"embeddable":true,"href":"https:\/\/seal.transport-manager.net\/Tibo_lyon\/wp-json\/wp\/v2\/media\/359"}],"wp:attachment":[{"href":"https:\/\/seal.transport-manager.net\/Tibo_lyon\/wp-json\/wp\/v2\/media?parent=358"}],"wp:term":[{"taxonomy":"category","embeddable":true,"href":"https:\/\/seal.transport-manager.net\/Tibo_lyon\/wp-json\/wp\/v2\/categories?post=358"},{"taxonomy":"post_tag","embeddable":true,"href":"https:\/\/seal.transport-manager.net\/Tibo_lyon\/wp-json\/wp\/v2\/tags?post=358"}],"curies":[{"name":"wp","href":"https:\/\/api.w.org\/{rel}","templated":true}]}}