{"id":366,"date":"2023-03-07T12:16:20","date_gmt":"2023-03-07T11:16:20","guid":{"rendered":"https:\/\/seal.transport-manager.net\/Tibo_lyon\/?p=366"},"modified":"2023-03-07T12:24:53","modified_gmt":"2023-03-07T11:24:53","slug":"mardi-7-mars-2023-info-trafic","status":"publish","type":"post","link":"https:\/\/seal.transport-manager.net\/Tibo_lyon\/2023\/03\/07\/mardi-7-mars-2023-info-trafic\/","title":{"rendered":"Mardi 7 mars 2023 &#8211; Info Trafic"},"content":{"rendered":"\n<p>En raison d&rsquo;un mouvement de gr\u00e8ve, la soci\u00e9t\u00e9 Transport Clermont M\u00e9tropole informe ses usagers que la ligne 3 ne circulera pas aux heures de pointe et la ligne 2 ne circulera qu&rsquo;aux heures pointes\/soir jusqu&rsquo;\u00e0 nouvel ordre.<\/p>\n\n\n\n<p>De plus, lors de la manifestation pr\u00e9vue, aucune ligne ne circulera. Cependant, des navettes seront mises en place pour acheminer les personnes souhaitant se rendre sur les lieux de la manifestation et les ramener \u00e0 leur point de d\u00e9part.<\/p>\n\n\n\n<p>Nous vous remercions pour votre compr\u00e9hension et vous invitons \u00e0 suivre les mises \u00e0 jour sur notre site internet et sur notre compte Twitter officiel.<\/p>\n\n\n<figure class=\"wp-block-post-featured-image\"><img loading=\"lazy\" decoding=\"async\" width=\"1232\" height=\"693\" src=\"https:\/\/seal.transport-manager.net\/Tibo_lyon\/wp-content\/uploads\/sites\/223\/2023\/03\/07-03-2023-1.png\" class=\"attachment-post-thumbnail size-post-thumbnail wp-post-image\" alt=\"\" style=\"object-fit:cover;\" srcset=\"https:\/\/seal.transport-manager.net\/Tibo_lyon\/wp-content\/uploads\/sites\/223\/2023\/03\/07-03-2023-1.png 1600w, https:\/\/seal.transport-manager.net\/Tibo_lyon\/wp-content\/uploads\/sites\/223\/2023\/03\/07-03-2023-1-300x169.png 300w, https:\/\/seal.transport-manager.net\/Tibo_lyon\/wp-content\/uploads\/sites\/223\/2023\/03\/07-03-2023-1-1024x576.png 1024w, https:\/\/seal.transport-manager.net\/Tibo_lyon\/wp-content\/uploads\/sites\/223\/2023\/03\/07-03-2023-1-768x432.png 768w, https:\/\/seal.transport-manager.net\/Tibo_lyon\/wp-content\/uploads\/sites\/223\/2023\/03\/07-03-2023-1-1536x864.png 1536w\" sizes=\"auto, (max-width: 1232px) 100vw, 1232px\" \/><\/figure>","protected":false},"excerpt":{"rendered":"<p>En raison d&rsquo;un mouvement de gr\u00e8ve, la soci\u00e9t\u00e9 Transport Clermont M\u00e9tropole informe ses usagers que la ligne 3 ne circulera pas aux heures de pointe et la ligne 2 ne&nbsp;&hellip;<\/p>\n","protected":false},"author":249,"featured_media":368,"comment_status":"open","ping_status":"open","sticky":false,"template":"","format":"standard","meta":{"footnotes":""},"categories":[8,7,9,10],"tags":[21,22,23],"class_list":["post-366","post","type-post","status-publish","format-standard","has-post-thumbnail","hentry","category-actu","category-if","category-9","category-10","tag-greve","tag-mouvement-social","tag-reseau-impacte"],"_links":{"self":[{"href":"https:\/\/seal.transport-manager.net\/Tibo_lyon\/wp-json\/wp\/v2\/posts\/366","targetHints":{"allow":["GET"]}}],"collection":[{"href":"https:\/\/seal.transport-manager.net\/Tibo_lyon\/wp-json\/wp\/v2\/posts"}],"about":[{"href":"https:\/\/seal.transport-manager.net\/Tibo_lyon\/wp-json\/wp\/v2\/types\/post"}],"author":[{"embeddable":true,"href":"https:\/\/seal.transport-manager.net\/Tibo_lyon\/wp-json\/wp\/v2\/users\/249"}],"replies":[{"embeddable":true,"href":"https:\/\/seal.transport-manager.net\/Tibo_lyon\/wp-json\/wp\/v2\/comments?post=366"}],"version-history":[{"count":1,"href":"https:\/\/seal.transport-manager.net\/Tibo_lyon\/wp-json\/wp\/v2\/posts\/366\/revisions"}],"predecessor-version":[{"id":369,"href":"https:\/\/seal.transport-manager.net\/Tibo_lyon\/wp-json\/wp\/v2\/posts\/366\/revisions\/369"}],"wp:featuredmedia":[{"embeddable":true,"href":"https:\/\/seal.transport-manager.net\/Tibo_lyon\/wp-json\/wp\/v2\/media\/368"}],"wp:attachment":[{"href":"https:\/\/seal.transport-manager.net\/Tibo_lyon\/wp-json\/wp\/v2\/media?parent=366"}],"wp:term":[{"taxonomy":"category","embeddable":true,"href":"https:\/\/seal.transport-manager.net\/Tibo_lyon\/wp-json\/wp\/v2\/categories?post=366"},{"taxonomy":"post_tag","embeddable":true,"href":"https:\/\/seal.transport-manager.net\/Tibo_lyon\/wp-json\/wp\/v2\/tags?post=366"}],"curies":[{"name":"wp","href":"https:\/\/api.w.org\/{rel}","templated":true}]}}