{"id":371,"date":"2023-03-10T10:35:23","date_gmt":"2023-03-10T09:35:23","guid":{"rendered":"https:\/\/seal.transport-manager.net\/Tibo_lyon\/?p=371"},"modified":"2023-03-10T10:35:24","modified_gmt":"2023-03-10T09:35:24","slug":"fin-de-la-greve","status":"publish","type":"post","link":"https:\/\/seal.transport-manager.net\/Tibo_lyon\/2023\/03\/10\/fin-de-la-greve\/","title":{"rendered":"Fin de la gr\u00e8ve"},"content":{"rendered":"\n<p>Chers usagers de Transport Clermont M\u00e9tropole, nous avons le plaisir de vous informer que le pr\u00e9avis de gr\u00e8ve qui affectait notre entreprise est arriv\u00e9 \u00e0 son terme. Nous sommes heureux de vous annoncer que la reprise normale du trafic est d\u00e9sormais effective sur toutes nos lignes de transport en commun. Nous tenons \u00e0 remercier tous nos usagers pour leur patience et leur compr\u00e9hension durant cette p\u00e9riode de perturbation du trafic. Nous sommes conscients des d\u00e9sagr\u00e9ments que cela a pu causer et nous sommes dor\u00e9navant mobilis\u00e9s pour vous offrir un service de qualit\u00e9. N&rsquo;h\u00e9sitez pas \u00e0 consulter notre site internet ou nos r\u00e9seaux sociaux pour obtenir plus d&rsquo;informations sur nos horaires et nos itin\u00e9raires. Merci de votre confiance et bonne journ\u00e9e \u00e0 tous !<\/p>\n\n\n<figure class=\"wp-block-post-featured-image\"><img loading=\"lazy\" decoding=\"async\" width=\"1232\" height=\"693\" src=\"https:\/\/seal.transport-manager.net\/Tibo_lyon\/wp-content\/uploads\/sites\/223\/2023\/03\/10-03-2023.png\" class=\"attachment-post-thumbnail size-post-thumbnail wp-post-image\" alt=\"\" style=\"object-fit:cover;\" srcset=\"https:\/\/seal.transport-manager.net\/Tibo_lyon\/wp-content\/uploads\/sites\/223\/2023\/03\/10-03-2023.png 1600w, https:\/\/seal.transport-manager.net\/Tibo_lyon\/wp-content\/uploads\/sites\/223\/2023\/03\/10-03-2023-300x169.png 300w, https:\/\/seal.transport-manager.net\/Tibo_lyon\/wp-content\/uploads\/sites\/223\/2023\/03\/10-03-2023-1024x576.png 1024w, https:\/\/seal.transport-manager.net\/Tibo_lyon\/wp-content\/uploads\/sites\/223\/2023\/03\/10-03-2023-768x432.png 768w, https:\/\/seal.transport-manager.net\/Tibo_lyon\/wp-content\/uploads\/sites\/223\/2023\/03\/10-03-2023-1536x864.png 1536w\" sizes=\"auto, (max-width: 1232px) 100vw, 1232px\" \/><\/figure>","protected":false},"excerpt":{"rendered":"<p>Chers usagers de Transport Clermont M\u00e9tropole, nous avons le plaisir de vous informer que le pr\u00e9avis de gr\u00e8ve qui affectait notre entreprise est arriv\u00e9 \u00e0 son terme. Nous sommes heureux&nbsp;&hellip;<\/p>\n","protected":false},"author":249,"featured_media":372,"comment_status":"open","ping_status":"open","sticky":false,"template":"","format":"standard","meta":{"footnotes":""},"categories":[8],"tags":[],"class_list":["post-371","post","type-post","status-publish","format-standard","has-post-thumbnail","hentry","category-actu"],"_links":{"self":[{"href":"https:\/\/seal.transport-manager.net\/Tibo_lyon\/wp-json\/wp\/v2\/posts\/371","targetHints":{"allow":["GET"]}}],"collection":[{"href":"https:\/\/seal.transport-manager.net\/Tibo_lyon\/wp-json\/wp\/v2\/posts"}],"about":[{"href":"https:\/\/seal.transport-manager.net\/Tibo_lyon\/wp-json\/wp\/v2\/types\/post"}],"author":[{"embeddable":true,"href":"https:\/\/seal.transport-manager.net\/Tibo_lyon\/wp-json\/wp\/v2\/users\/249"}],"replies":[{"embeddable":true,"href":"https:\/\/seal.transport-manager.net\/Tibo_lyon\/wp-json\/wp\/v2\/comments?post=371"}],"version-history":[{"count":1,"href":"https:\/\/seal.transport-manager.net\/Tibo_lyon\/wp-json\/wp\/v2\/posts\/371\/revisions"}],"predecessor-version":[{"id":373,"href":"https:\/\/seal.transport-manager.net\/Tibo_lyon\/wp-json\/wp\/v2\/posts\/371\/revisions\/373"}],"wp:featuredmedia":[{"embeddable":true,"href":"https:\/\/seal.transport-manager.net\/Tibo_lyon\/wp-json\/wp\/v2\/media\/372"}],"wp:attachment":[{"href":"https:\/\/seal.transport-manager.net\/Tibo_lyon\/wp-json\/wp\/v2\/media?parent=371"}],"wp:term":[{"taxonomy":"category","embeddable":true,"href":"https:\/\/seal.transport-manager.net\/Tibo_lyon\/wp-json\/wp\/v2\/categories?post=371"},{"taxonomy":"post_tag","embeddable":true,"href":"https:\/\/seal.transport-manager.net\/Tibo_lyon\/wp-json\/wp\/v2\/tags?post=371"}],"curies":[{"name":"wp","href":"https:\/\/api.w.org\/{rel}","templated":true}]}}