{"id":389,"date":"2023-06-29T10:54:57","date_gmt":"2023-06-29T08:54:57","guid":{"rendered":"https:\/\/seal.transport-manager.net\/Tibo_lyon\/?p=389"},"modified":"2023-07-31T17:52:13","modified_gmt":"2023-07-31T15:52:13","slug":"juin-2023","status":"publish","type":"post","link":"https:\/\/seal.transport-manager.net\/Tibo_lyon\/2023\/06\/29\/juin-2023\/","title":{"rendered":"Bilan juin 2023"},"content":{"rendered":"<figure class=\"wp-block-post-featured-image\"><img loading=\"lazy\" decoding=\"async\" width=\"1232\" height=\"308\" src=\"https:\/\/seal.transport-manager.net\/Tibo_lyon\/wp-content\/uploads\/sites\/223\/2023\/06\/info.png\" class=\"attachment-post-thumbnail size-post-thumbnail wp-post-image\" alt=\"\" style=\"object-fit:cover;\" srcset=\"https:\/\/seal.transport-manager.net\/Tibo_lyon\/wp-content\/uploads\/sites\/223\/2023\/06\/info.png 1920w, https:\/\/seal.transport-manager.net\/Tibo_lyon\/wp-content\/uploads\/sites\/223\/2023\/06\/info-300x75.png 300w, https:\/\/seal.transport-manager.net\/Tibo_lyon\/wp-content\/uploads\/sites\/223\/2023\/06\/info-1024x256.png 1024w, https:\/\/seal.transport-manager.net\/Tibo_lyon\/wp-content\/uploads\/sites\/223\/2023\/06\/info-768x192.png 768w, https:\/\/seal.transport-manager.net\/Tibo_lyon\/wp-content\/uploads\/sites\/223\/2023\/06\/info-1536x384.png 1536w\" sizes=\"auto, (max-width: 1232px) 100vw, 1232px\" \/><\/figure>\n\n\n<p>Chers employ\u00e9s, voyageurs et partenaires de Transport Clermont M\u00e9tropole (TCM),<\/p>\n\n\n\n<p>Nous sommes ravis de vous pr\u00e9senter le r\u00e9sum\u00e9 mensuel de juin, qui met en lumi\u00e8re les actions cl\u00e9s entreprises par notre soci\u00e9t\u00e9 de transport en commun au cours du mois dernier. Ces initiatives visent \u00e0 am\u00e9liorer votre exp\u00e9rience en tant que voyageur tout en renfor\u00e7ant notre engagement envers la M\u00e9tropole.<\/p>\n\n\n\n<p>Tout d&rsquo;abord, nous sommes heureux d&rsquo;annoncer l&rsquo;acquisition de 30 nouveaux bus \u00e0 haut niveau de service d\u00e9di\u00e9s aux lignes 2 et 3. Cet investissement majeur, d&rsquo;un montant total de 11\u202f549\u202f527 \u20ac, garantira un confort accru et des trajets plus fluides pour nos passagers.<\/p>\n\n\n\n<p>Dans notre qu\u00eate d&rsquo;excellence op\u00e9rationnelle, nous avons \u00e9galement pris des mesures pour optimiser la communication et la gestion des al\u00e9as de circulation. Ainsi, nous avons pr\u00e9vu l&rsquo;installation de t\u00e9l\u00e9phones radios qui permettront une communication plus rapide avec nos conducteurs. Ce d\u00e9ploiement, qui aura lieu courant juillet\/ao\u00fbt, nous permettra d&rsquo;am\u00e9liorer notre r\u00e9activit\u00e9 et de r\u00e9soudre plus efficacement les probl\u00e8mes en temps r\u00e9el, pour une rentr\u00e9e sans encombre.<\/p>\n\n\n\n<p>Dans le souci de r\u00e9pondre aux besoins de mobilit\u00e9 sp\u00e9cifiques de nos voyageurs, nous avons mis en place un nouveau service de trajet \u00e0 la demande. Ce service flexible et adapt\u00e9 aux horaires individuels offrira une option suppl\u00e9mentaire pour vos d\u00e9placements, garantissant ainsi une exp\u00e9rience de voyage personnalis\u00e9e.<\/p>\n\n\n\n<p>Investir dans l&rsquo;infrastructure est essentiel pour assurer le bon fonctionnement de notre soci\u00e9t\u00e9. Nous avons donc consacr\u00e9 une somme de 35\u202f280 \u20ac, incluant la TVA de 20%, \u00e0 l&rsquo;achat de mat\u00e9riel pour nos ateliers ainsi qu&rsquo;\u00e0 la r\u00e9alisation de Contr\u00f4les Techniques en masse cet \u00e9t\u00e9. Cette pr\u00e9caution nous permettra d&rsquo;\u00e9viter tout probl\u00e8me lors de la rentr\u00e9e et de garantir la s\u00e9curit\u00e9 et la fiabilit\u00e9 de notre flotte.<\/p>\n\n\n\n<p>Dans un souci de gestion proactive, nous avons augment\u00e9 la capacit\u00e9 de notre citerne de diesel, portant sa capacit\u00e9 \u00e0 35 000 litres. Cette d\u00e9cision strat\u00e9gique vise \u00e0 \u00e9viter toute p\u00e9nurie de carburant et \u00e0 maintenir un service ininterrompu pour nos voyageurs.<\/p>\n\n\n\n<p>Nous nous engageons \u00e9galement \u00e0 assurer la rentabilit\u00e9 de notre soci\u00e9t\u00e9 sans augmenter les tarifs. Dans cette optique, nous avons mis en place une strat\u00e9gie globale visant \u00e0 optimiser nos op\u00e9rations et \u00e0 identifier de nouvelles sources de revenus, tout en pr\u00e9servant l&rsquo;accessibilit\u00e9 de nos services pour tous.<\/p>\n\n\n\n<p>Enfin, pour c\u00e9l\u00e9brer la musique et favoriser les d\u00e9placements lors de la f\u00eate de la musique, nous avons mis en place une ligne sp\u00e9ciale d\u00e9di\u00e9e \u00e0 cet \u00e9v\u00e9nement. De plus, nous sommes actuellement en pleine pr\u00e9paration du retour de la ligne du lac pour l&rsquo;\u00e9t\u00e9, afin de faciliter vos d\u00e9placements vers les destinations estivales pris\u00e9es de notre r\u00e9gion.<\/p>\n\n\n\n<p>Nous tenons \u00e0 remercier tous nos employ\u00e9s, voyageurs et partenaires pour leur soutien continu. Gr\u00e2ce \u00e0 votre confiance, nous sommes en mesure de mettre en \u0153uvre ces am\u00e9liorations significatives pour une exp\u00e9rience de transport exceptionnelle.<\/p>\n\n\n\n<p>Bel \u00e9t\u00e9 \u00e0 tous !<\/p>\n\n\n\n<p>Bien cordialement,<\/p>\n\n\n\n<p>Thibaut<\/p>\n\n\n\n<p>Directeur<\/p>\n\n\n\n<figure class=\"wp-block-image size-large\"><img decoding=\"async\" src=\"https:\/\/cdn.pixabay.com\/photo\/2018\/04\/16\/16\/16\/sunset-3325080_1280.jpg\" alt=\"\" \/><figcaption class=\"wp-element-caption\">Pixabay &#8211; Image libre de droits<\/figcaption><\/figure>\n","protected":false},"excerpt":{"rendered":"<p>Chers employ\u00e9s, voyageurs et partenaires de Transport Clermont M\u00e9tropole (TCM), Nous sommes ravis de vous pr\u00e9senter le r\u00e9sum\u00e9 mensuel de juin, qui met en lumi\u00e8re les actions cl\u00e9s entreprises par&nbsp;&hellip;<\/p>\n","protected":false},"author":249,"featured_media":390,"comment_status":"open","ping_status":"open","sticky":false,"template":"","format":"standard","meta":{"footnotes":""},"categories":[8,41],"tags":[14,34,38],"class_list":["post-389","post","type-post","status-publish","format-standard","has-post-thumbnail","hentry","category-actu","category-bilan","tag-2022-2023","tag-achat","tag-actualite"],"_links":{"self":[{"href":"https:\/\/seal.transport-manager.net\/Tibo_lyon\/wp-json\/wp\/v2\/posts\/389","targetHints":{"allow":["GET"]}}],"collection":[{"href":"https:\/\/seal.transport-manager.net\/Tibo_lyon\/wp-json\/wp\/v2\/posts"}],"about":[{"href":"https:\/\/seal.transport-manager.net\/Tibo_lyon\/wp-json\/wp\/v2\/types\/post"}],"author":[{"embeddable":true,"href":"https:\/\/seal.transport-manager.net\/Tibo_lyon\/wp-json\/wp\/v2\/users\/249"}],"replies":[{"embeddable":true,"href":"https:\/\/seal.transport-manager.net\/Tibo_lyon\/wp-json\/wp\/v2\/comments?post=389"}],"version-history":[{"count":2,"href":"https:\/\/seal.transport-manager.net\/Tibo_lyon\/wp-json\/wp\/v2\/posts\/389\/revisions"}],"predecessor-version":[{"id":419,"href":"https:\/\/seal.transport-manager.net\/Tibo_lyon\/wp-json\/wp\/v2\/posts\/389\/revisions\/419"}],"wp:featuredmedia":[{"embeddable":true,"href":"https:\/\/seal.transport-manager.net\/Tibo_lyon\/wp-json\/wp\/v2\/media\/390"}],"wp:attachment":[{"href":"https:\/\/seal.transport-manager.net\/Tibo_lyon\/wp-json\/wp\/v2\/media?parent=389"}],"wp:term":[{"taxonomy":"category","embeddable":true,"href":"https:\/\/seal.transport-manager.net\/Tibo_lyon\/wp-json\/wp\/v2\/categories?post=389"},{"taxonomy":"post_tag","embeddable":true,"href":"https:\/\/seal.transport-manager.net\/Tibo_lyon\/wp-json\/wp\/v2\/tags?post=389"}],"curies":[{"name":"wp","href":"https:\/\/api.w.org\/{rel}","templated":true}]}}