{"id":495,"date":"2023-11-20T23:53:56","date_gmt":"2023-11-20T22:53:56","guid":{"rendered":"https:\/\/seal.transport-manager.net\/Tibo_lyon\/?p=495"},"modified":"2023-11-20T23:53:56","modified_gmt":"2023-11-20T22:53:56","slug":"%f0%9f%8c%9f-festivites-de-noel-a-clermont-ferrand-%f0%9f%8e%85%f0%9f%8e%84","status":"publish","type":"post","link":"https:\/\/seal.transport-manager.net\/Tibo_lyon\/2023\/11\/20\/%f0%9f%8c%9f-festivites-de-noel-a-clermont-ferrand-%f0%9f%8e%85%f0%9f%8e%84\/","title":{"rendered":"\ud83c\udf1f Festivit\u00e9s de No\u00ebl \u00e0 Clermont-Ferrand ! \ud83c\udf85\ud83c\udf84"},"content":{"rendered":"\n<p>Du <strong>25 novembre au 24 d\u00e9cembre<\/strong>, la magie de No\u00ebl s&rsquo;installe dans la m\u00e9tropole ! Voici ce qui vous attend :<\/p>\n\n\n\n<p><strong>March\u00e9 de No\u00ebl sur la place de Jaude :<\/strong><\/p>\n\n\n\n<ul class=\"wp-block-list\">\n<li>Lundi au vendredi : 12h \u00e0 22h<\/li>\n\n\n\n<li>Samedi : 12h \u00e0 1h<\/li>\n\n\n\n<li>Dimanche : 12h \u00e0 21h (24 d\u00e9cembre : 9h \u00e0 18h)<\/li>\n<\/ul>\n\n\n\n<p><strong>Animations \u00e0 ne pas manquer :<\/strong><\/p>\n\n\n\n<ul class=\"wp-block-list\">\n<li>Grande roue sur la place de Jaude<\/li>\n\n\n\n<li>Patinoire g\u00e9ante sur la place de la Victoire<\/li>\n\n\n\n<li>Spectacle son et lumi\u00e8re sur la cath\u00e9drale<\/li>\n<\/ul>\n\n\n\n<p>Et devinez quoi ? Pour que vous profitiez pleinement de ces moments magiques, nous avons mis en place une <strong>ligne de bus GRATUITE<\/strong> entre la Gare SNCF, la place de Jaude et la Place de la Victoire (terminus).<\/p>\n\n\n\n<p>\ud83d\ude8d\u2728 Embarquez \u00e0 bord et laissez-vous transporter vers la f\u00e9erie de No\u00ebl ! \ud83c\udf1f<\/p>\n\n\n\n<p><em>Joyeuses f\u00eates \u00e0 tous !<\/em> \ud83c\udf81\ud83c\udf89 #No\u00ebl\u00e0Clermont #TCM #Festivit\u00e9s<\/p>\n\n\n\n<figure class=\"wp-block-image size-large\"><img decoding=\"async\" src=\"https:\/\/cdn.discordapp.com\/attachments\/1166849800919056416\/1176289439027318805\/village-noel.png?ex=656e53e8&amp;is=655bdee8&amp;hm=455bedaf296ca682adb8d70df55d1ab208eb216cb6407349f2485bbfaad81064&amp;\" alt=\"\" \/><\/figure>\n","protected":false},"excerpt":{"rendered":"<p>Du 25 novembre au 24 d\u00e9cembre, la magie de No\u00ebl s&rsquo;installe dans la m\u00e9tropole ! Voici ce qui vous attend : March\u00e9 de No\u00ebl sur la place de Jaude :&nbsp;&hellip;<\/p>\n","protected":false},"author":249,"featured_media":468,"comment_status":"open","ping_status":"open","sticky":false,"template":"","format":"standard","meta":{"footnotes":""},"categories":[8,6],"tags":[],"class_list":["post-495","post","type-post","status-publish","format-standard","has-post-thumbnail","hentry","category-actu","category-ls"],"_links":{"self":[{"href":"https:\/\/seal.transport-manager.net\/Tibo_lyon\/wp-json\/wp\/v2\/posts\/495","targetHints":{"allow":["GET"]}}],"collection":[{"href":"https:\/\/seal.transport-manager.net\/Tibo_lyon\/wp-json\/wp\/v2\/posts"}],"about":[{"href":"https:\/\/seal.transport-manager.net\/Tibo_lyon\/wp-json\/wp\/v2\/types\/post"}],"author":[{"embeddable":true,"href":"https:\/\/seal.transport-manager.net\/Tibo_lyon\/wp-json\/wp\/v2\/users\/249"}],"replies":[{"embeddable":true,"href":"https:\/\/seal.transport-manager.net\/Tibo_lyon\/wp-json\/wp\/v2\/comments?post=495"}],"version-history":[{"count":1,"href":"https:\/\/seal.transport-manager.net\/Tibo_lyon\/wp-json\/wp\/v2\/posts\/495\/revisions"}],"predecessor-version":[{"id":496,"href":"https:\/\/seal.transport-manager.net\/Tibo_lyon\/wp-json\/wp\/v2\/posts\/495\/revisions\/496"}],"wp:featuredmedia":[{"embeddable":true,"href":"https:\/\/seal.transport-manager.net\/Tibo_lyon\/wp-json\/wp\/v2\/media\/468"}],"wp:attachment":[{"href":"https:\/\/seal.transport-manager.net\/Tibo_lyon\/wp-json\/wp\/v2\/media?parent=495"}],"wp:term":[{"taxonomy":"category","embeddable":true,"href":"https:\/\/seal.transport-manager.net\/Tibo_lyon\/wp-json\/wp\/v2\/categories?post=495"},{"taxonomy":"post_tag","embeddable":true,"href":"https:\/\/seal.transport-manager.net\/Tibo_lyon\/wp-json\/wp\/v2\/tags?post=495"}],"curies":[{"name":"wp","href":"https:\/\/api.w.org\/{rel}","templated":true}]}}