{"id":504,"date":"2024-02-11T13:35:59","date_gmt":"2024-02-11T12:35:59","guid":{"rendered":"https:\/\/seal.transport-manager.net\/Tibo_lyon\/?p=504"},"modified":"2024-02-11T13:35:59","modified_gmt":"2024-02-11T12:35:59","slug":"%f0%9f%8c%b1%f0%9f%9a%8c-tcm-passe-a-lelectrique-%f0%9f%8c%9f","status":"publish","type":"post","link":"https:\/\/seal.transport-manager.net\/Tibo_lyon\/2024\/02\/11\/%f0%9f%8c%b1%f0%9f%9a%8c-tcm-passe-a-lelectrique-%f0%9f%8c%9f\/","title":{"rendered":"\ud83c\udf31\ud83d\ude8c TCM passe \u00e0 l&rsquo;\u00e9lectrique ! \ud83c\udf1f"},"content":{"rendered":"\n<p>Dans le cadre de notre engagement en faveur du d\u00e9veloppement durable, nous sommes fiers d&rsquo;annoncer que TCM franchit une nouvelle \u00e9tape en introduisant des v\u00e9hicules \u00e9lectriques dans notre flotte. Pour amorcer ce changement, nous avons install\u00e9 des bornes \u00e9lectriques dans notre d\u00e9p\u00f4t afin de soutenir cette transition.<\/p>\n\n\n\n<p>La premi\u00e8re ligne \u00e0 b\u00e9n\u00e9ficier de cette transformation est la ligne 60, qui sera d\u00e9sormais desservie par des Man eTGE City, des v\u00e9hicules \u00e9lectriques respectueux de l&rsquo;environnement. Ces v\u00e9hicules contribueront \u00e9galement \u00e0 notre service de Transport \u00e0 la Demande.<\/p>\n\n\n\n<p>\u00c0 terme, nous pr\u00e9voyons d&rsquo;\u00e9tendre cette initiative aux lignes 2 &amp; 3. Notre objectif est de constituer un parc de v\u00e9hicules hybrides et \u00e9lectriques, r\u00e9duisant ainsi notre empreinte carbone tout en offrant un service de qualit\u00e9 \u00e0 nos usagers.<\/p>\n\n\n\n<p>Bien que nous soyons enthousiastes \u00e0 l&rsquo;id\u00e9e de cette transition vers une mobilit\u00e9 plus propre, soyez rassur\u00e9s : le son caract\u00e9ristique du moteur diesel ne dispara\u00eetra pas de nos rues de sit\u00f4t ! \ud83d\ude8d\ud83d\udca8<\/p>\n","protected":false},"excerpt":{"rendered":"<p>Dans le cadre de notre engagement en faveur du d\u00e9veloppement durable, nous sommes fiers d&rsquo;annoncer que TCM franchit une nouvelle \u00e9tape en introduisant des v\u00e9hicules \u00e9lectriques dans notre flotte. Pour&nbsp;&hellip;<\/p>\n","protected":false},"author":249,"featured_media":468,"comment_status":"open","ping_status":"open","sticky":false,"template":"","format":"standard","meta":{"footnotes":""},"categories":[8],"tags":[42],"class_list":["post-504","post","type-post","status-publish","format-standard","has-post-thumbnail","hentry","category-actu","tag-2023-2024"],"_links":{"self":[{"href":"https:\/\/seal.transport-manager.net\/Tibo_lyon\/wp-json\/wp\/v2\/posts\/504","targetHints":{"allow":["GET"]}}],"collection":[{"href":"https:\/\/seal.transport-manager.net\/Tibo_lyon\/wp-json\/wp\/v2\/posts"}],"about":[{"href":"https:\/\/seal.transport-manager.net\/Tibo_lyon\/wp-json\/wp\/v2\/types\/post"}],"author":[{"embeddable":true,"href":"https:\/\/seal.transport-manager.net\/Tibo_lyon\/wp-json\/wp\/v2\/users\/249"}],"replies":[{"embeddable":true,"href":"https:\/\/seal.transport-manager.net\/Tibo_lyon\/wp-json\/wp\/v2\/comments?post=504"}],"version-history":[{"count":1,"href":"https:\/\/seal.transport-manager.net\/Tibo_lyon\/wp-json\/wp\/v2\/posts\/504\/revisions"}],"predecessor-version":[{"id":505,"href":"https:\/\/seal.transport-manager.net\/Tibo_lyon\/wp-json\/wp\/v2\/posts\/504\/revisions\/505"}],"wp:featuredmedia":[{"embeddable":true,"href":"https:\/\/seal.transport-manager.net\/Tibo_lyon\/wp-json\/wp\/v2\/media\/468"}],"wp:attachment":[{"href":"https:\/\/seal.transport-manager.net\/Tibo_lyon\/wp-json\/wp\/v2\/media?parent=504"}],"wp:term":[{"taxonomy":"category","embeddable":true,"href":"https:\/\/seal.transport-manager.net\/Tibo_lyon\/wp-json\/wp\/v2\/categories?post=504"},{"taxonomy":"post_tag","embeddable":true,"href":"https:\/\/seal.transport-manager.net\/Tibo_lyon\/wp-json\/wp\/v2\/tags?post=504"}],"curies":[{"name":"wp","href":"https:\/\/api.w.org\/{rel}","templated":true}]}}