{"id":529,"date":"2024-10-22T15:31:25","date_gmt":"2024-10-22T13:31:25","guid":{"rendered":"https:\/\/seal.transport-manager.net\/Tibo_lyon\/?p=529"},"modified":"2024-10-22T15:31:25","modified_gmt":"2024-10-22T13:31:25","slug":"nouveautes-du-reseau-urbain-2025-decouvrez-le-futur-de-la-mobilite-a-clermont-ferrand-%f0%9f%8c%8d","status":"publish","type":"post","link":"https:\/\/seal.transport-manager.net\/Tibo_lyon\/2024\/10\/22\/nouveautes-du-reseau-urbain-2025-decouvrez-le-futur-de-la-mobilite-a-clermont-ferrand-%f0%9f%8c%8d\/","title":{"rendered":"Nouveaut\u00e9s du R\u00e9seau Urbain &#8211; 2025 : D\u00e9couvrez le Futur de la Mobilit\u00e9 \u00e0 Clermont-Ferrand ! \ud83c\udf0d"},"content":{"rendered":"\n<p>Chers habitants de Clermont-Ferrand, nous avons le plaisir de vous annoncer les r\u00e9sultats de nos r\u00e9centes r\u00e9unions publiques lors des Journ\u00e9es du Patrimoine, qui ont permis de partager et d&rsquo;\u00e9changer sur le projet ambitieux de transformation de notre r\u00e9seau de transport urbain pour 2025.<\/p>\n\n\n\n<h3 class=\"wp-block-heading\"><strong>Un Projet Visionnaire<\/strong><\/h3>\n\n\n\n<p>La m\u00e9tropole se pr\u00e9pare \u00e0 une <strong>refonte totale<\/strong> de son r\u00e9seau, avec de nouvelles lignes de tramway, un renforcement du r\u00e9seau de bus, et une meilleure connectivit\u00e9 pour r\u00e9pondre aux besoins d\u2019une population en croissance. Ce projet vise \u00e0 offrir une mobilit\u00e9 <strong>durable<\/strong> et <strong>accessible \u00e0 tous<\/strong>.<\/p>\n\n\n\n<h3 class=\"wp-block-heading\"><strong>Travaux en Cours<\/strong><\/h3>\n\n\n\n<p>Nous avons entam\u00e9 plusieurs phases de travaux, incluant :<\/p>\n\n\n\n<ul class=\"wp-block-list\">\n<li><strong>Bureau d&rsquo;\u00c9tude<\/strong> : Finalisation des plans techniques (jusqu&rsquo;\u00e0 d\u00e9cembre 2024).<\/li>\n\n\n\n<li><strong>Travaux de Voirie<\/strong> : Pr\u00e9parations cruciales pour l&rsquo;int\u00e9gration harmonieuse du tramway.<\/li>\n\n\n\n<li><strong>D\u00e9p\u00f4t de Tramway<\/strong> : Essentiel pour le fonctionnement optimal du r\u00e9seau.<\/li>\n<\/ul>\n\n\n\n<h3 class=\"wp-block-heading\"><strong>Nouvelles Lignes et Services<\/strong><\/h3>\n\n\n\n<p>\u00c0 partir de 2025, plusieurs nouvelles lignes de bus seront mises en place pour am\u00e9liorer l&rsquo;acc\u00e8s et la connectivit\u00e9, y compris des lignes scolaires et des services \u00e0 la demande.<\/p>\n\n\n\n<h3 class=\"wp-block-heading\"><strong>Engagement pour l&rsquo;Avenir<\/strong><\/h3>\n\n\n\n<p>Ce projet repr\u00e9sente notre engagement \u00e0 construire un r\u00e9seau de transport moderne, qui r\u00e9duira la congestion automobile et am\u00e9liorera la qualit\u00e9 de l&rsquo;air. Comme l\u2019a soulign\u00e9 <strong>Olivier Bianchi<\/strong>, Pr\u00e9sident de la M\u00e9tropole : <em>\u00ab\u00a0Nous construisons aujourd\u2019hui le r\u00e9seau de transport de demain, pour une ville plus verte et connect\u00e9e.\u00a0\u00bb<\/em><\/p>\n\n\n\n<p>\ud83d\udc49 <strong>D\u00e9couvrez l\u2019int\u00e9gralit\u00e9 du projet et suivez l\u2019\u00e9volution des travaux sur notre site<\/strong> : <a href=\"https:\/\/tcm-mobilite.vercel.app\/src\/avenir.html\">Transport Clermont M\u00e9tropole<\/a><\/p>\n\n\n\n<p><strong>Restez connect\u00e9s pour plus de mises \u00e0 jour et n&rsquo;h\u00e9sitez pas \u00e0 nous faire part de vos id\u00e9es et suggestions !<\/strong><\/p>\n","protected":false},"excerpt":{"rendered":"<p>Chers habitants de Clermont-Ferrand, nous avons le plaisir de vous annoncer les r\u00e9sultats de nos r\u00e9centes r\u00e9unions publiques lors des Journ\u00e9es du Patrimoine, qui ont permis de partager et d&rsquo;\u00e9changer&nbsp;&hellip;<\/p>\n","protected":false},"author":249,"featured_media":530,"comment_status":"open","ping_status":"open","sticky":false,"template":"","format":"standard","meta":{"footnotes":""},"categories":[8],"tags":[42,34],"class_list":["post-529","post","type-post","status-publish","format-standard","has-post-thumbnail","hentry","category-actu","tag-2023-2024","tag-achat"],"_links":{"self":[{"href":"https:\/\/seal.transport-manager.net\/Tibo_lyon\/wp-json\/wp\/v2\/posts\/529","targetHints":{"allow":["GET"]}}],"collection":[{"href":"https:\/\/seal.transport-manager.net\/Tibo_lyon\/wp-json\/wp\/v2\/posts"}],"about":[{"href":"https:\/\/seal.transport-manager.net\/Tibo_lyon\/wp-json\/wp\/v2\/types\/post"}],"author":[{"embeddable":true,"href":"https:\/\/seal.transport-manager.net\/Tibo_lyon\/wp-json\/wp\/v2\/users\/249"}],"replies":[{"embeddable":true,"href":"https:\/\/seal.transport-manager.net\/Tibo_lyon\/wp-json\/wp\/v2\/comments?post=529"}],"version-history":[{"count":1,"href":"https:\/\/seal.transport-manager.net\/Tibo_lyon\/wp-json\/wp\/v2\/posts\/529\/revisions"}],"predecessor-version":[{"id":531,"href":"https:\/\/seal.transport-manager.net\/Tibo_lyon\/wp-json\/wp\/v2\/posts\/529\/revisions\/531"}],"wp:featuredmedia":[{"embeddable":true,"href":"https:\/\/seal.transport-manager.net\/Tibo_lyon\/wp-json\/wp\/v2\/media\/530"}],"wp:attachment":[{"href":"https:\/\/seal.transport-manager.net\/Tibo_lyon\/wp-json\/wp\/v2\/media?parent=529"}],"wp:term":[{"taxonomy":"category","embeddable":true,"href":"https:\/\/seal.transport-manager.net\/Tibo_lyon\/wp-json\/wp\/v2\/categories?post=529"},{"taxonomy":"post_tag","embeddable":true,"href":"https:\/\/seal.transport-manager.net\/Tibo_lyon\/wp-json\/wp\/v2\/tags?post=529"}],"curies":[{"name":"wp","href":"https:\/\/api.w.org\/{rel}","templated":true}]}}