{"id":533,"date":"2024-11-20T16:48:56","date_gmt":"2024-11-20T15:48:56","guid":{"rendered":"https:\/\/seal.transport-manager.net\/Tibo_lyon\/?p=533"},"modified":"2024-12-11T15:57:41","modified_gmt":"2024-12-11T14:57:41","slug":"festivites-de-noel-%f0%9f%8e%84%e2%9c%a8","status":"publish","type":"post","link":"https:\/\/seal.transport-manager.net\/Tibo_lyon\/2024\/11\/20\/festivites-de-noel-%f0%9f%8e%84%e2%9c%a8\/","title":{"rendered":"Festivit\u00e9s de No\u00ebl \ud83c\udf84\u2728"},"content":{"rendered":"\n<p><strong>Du 23 novembre au 24 d\u00e9cembre, le centre-ville de la m\u00e9tropole se transforme pour c\u00e9l\u00e9brer les f\u00eates de fin d\u2019ann\u00e9e !<\/strong><br>D\u00e9couvrez un programme f\u00e9\u00e9rique :<\/p>\n\n\n\n<p>\ud83c\udf85 <strong>Le March\u00e9 de No\u00ebl<\/strong>, d\u00e9sormais incontournable, vous ouvre ses portes :<\/p>\n\n\n\n<ul class=\"wp-block-list\">\n<li><strong>Lundi au vendredi<\/strong> : 12h \u00e0 22h (le 24 d\u00e9cembre, fermeture \u00e0 18h)<\/li>\n\n\n\n<li><strong>Samedi<\/strong> : 12h \u00e0 1h<\/li>\n\n\n\n<li><strong>Dimanche<\/strong> : 12h \u00e0 21h<\/li>\n<\/ul>\n\n\n\n<p>\u26f8\ufe0f Une patinoire, une grande roue et plusieurs attractions animeront les festivit\u00e9s, sans oublier le <strong>spectacle son et lumi\u00e8re<\/strong> qui illuminera la fa\u00e7ade de la cath\u00e9drale ! Les festivit\u00e9s s\u2019\u00e9tendront sur plusieurs zones du centre-ville pour une exp\u00e9rience magique.<\/p>\n\n\n\n<p>\ud83d\ude8c <strong>Bonne nouvelle : une navette sp\u00e9ciale gratuite est mise en place<\/strong> pour faciliter vos d\u00e9placements dans le centre pendant toute la dur\u00e9e des festivit\u00e9s ! Profitez-en pour vivre un moment inoubliable.<\/p>\n\n\n\n<p>\ud83d\udcc5 <strong>Dates<\/strong> : du 23 novembre au 24 d\u00e9cembre<br>\ud83d\udd17 <strong>Plus d&rsquo;infos<\/strong> sur <a href=\"https:\/\/tcm-mobilite.vercel.app\/src\/ligne.html#813\">notre site<\/a><\/p>\n\n\n\n<figure class=\"wp-block-image size-large\"><img loading=\"lazy\" decoding=\"async\" width=\"1024\" height=\"444\" src=\"https:\/\/seal.transport-manager.net\/Tibo_lyon\/wp-content\/uploads\/sites\/223\/2024\/11\/imag6e-1024x444.png\" alt=\"\" class=\"wp-image-534\" srcset=\"https:\/\/seal.transport-manager.net\/Tibo_lyon\/wp-content\/uploads\/sites\/223\/2024\/11\/imag6e-1024x444.png 1024w, https:\/\/seal.transport-manager.net\/Tibo_lyon\/wp-content\/uploads\/sites\/223\/2024\/11\/imag6e-300x130.png 300w, https:\/\/seal.transport-manager.net\/Tibo_lyon\/wp-content\/uploads\/sites\/223\/2024\/11\/imag6e-768x333.png 768w, https:\/\/seal.transport-manager.net\/Tibo_lyon\/wp-content\/uploads\/sites\/223\/2024\/11\/imag6e-1232x535.png 1232w, https:\/\/seal.transport-manager.net\/Tibo_lyon\/wp-content\/uploads\/sites\/223\/2024\/11\/imag6e.png 1341w\" sizes=\"auto, (max-width: 1024px) 100vw, 1024px\" \/><\/figure>\n","protected":false},"excerpt":{"rendered":"<p>Du 23 novembre au 24 d\u00e9cembre, le centre-ville de la m\u00e9tropole se transforme pour c\u00e9l\u00e9brer les f\u00eates de fin d\u2019ann\u00e9e !D\u00e9couvrez un programme f\u00e9\u00e9rique : \ud83c\udf85 Le March\u00e9 de No\u00ebl,&nbsp;&hellip;<\/p>\n","protected":false},"author":249,"featured_media":557,"comment_status":"open","ping_status":"open","sticky":false,"template":"","format":"standard","meta":{"footnotes":""},"categories":[8],"tags":[],"class_list":["post-533","post","type-post","status-publish","format-standard","has-post-thumbnail","hentry","category-actu"],"_links":{"self":[{"href":"https:\/\/seal.transport-manager.net\/Tibo_lyon\/wp-json\/wp\/v2\/posts\/533","targetHints":{"allow":["GET"]}}],"collection":[{"href":"https:\/\/seal.transport-manager.net\/Tibo_lyon\/wp-json\/wp\/v2\/posts"}],"about":[{"href":"https:\/\/seal.transport-manager.net\/Tibo_lyon\/wp-json\/wp\/v2\/types\/post"}],"author":[{"embeddable":true,"href":"https:\/\/seal.transport-manager.net\/Tibo_lyon\/wp-json\/wp\/v2\/users\/249"}],"replies":[{"embeddable":true,"href":"https:\/\/seal.transport-manager.net\/Tibo_lyon\/wp-json\/wp\/v2\/comments?post=533"}],"version-history":[{"count":1,"href":"https:\/\/seal.transport-manager.net\/Tibo_lyon\/wp-json\/wp\/v2\/posts\/533\/revisions"}],"predecessor-version":[{"id":536,"href":"https:\/\/seal.transport-manager.net\/Tibo_lyon\/wp-json\/wp\/v2\/posts\/533\/revisions\/536"}],"wp:featuredmedia":[{"embeddable":true,"href":"https:\/\/seal.transport-manager.net\/Tibo_lyon\/wp-json\/wp\/v2\/media\/557"}],"wp:attachment":[{"href":"https:\/\/seal.transport-manager.net\/Tibo_lyon\/wp-json\/wp\/v2\/media?parent=533"}],"wp:term":[{"taxonomy":"category","embeddable":true,"href":"https:\/\/seal.transport-manager.net\/Tibo_lyon\/wp-json\/wp\/v2\/categories?post=533"},{"taxonomy":"post_tag","embeddable":true,"href":"https:\/\/seal.transport-manager.net\/Tibo_lyon\/wp-json\/wp\/v2\/tags?post=533"}],"curies":[{"name":"wp","href":"https:\/\/api.w.org\/{rel}","templated":true}]}}