{"id":545,"date":"2024-11-27T17:52:22","date_gmt":"2024-11-27T16:52:22","guid":{"rendered":"https:\/\/seal.transport-manager.net\/Tibo_lyon\/?p=545"},"modified":"2024-12-01T12:11:23","modified_gmt":"2024-12-01T11:11:23","slug":"montconnection-setend-un-reseau-interurbain-pour-mieux-vous-servir","status":"publish","type":"post","link":"https:\/\/seal.transport-manager.net\/Tibo_lyon\/2024\/11\/27\/montconnection-setend-un-reseau-interurbain-pour-mieux-vous-servir\/","title":{"rendered":"\ud83d\ude8c Mont&rsquo;Connection s&rsquo;\u00e9tend : un r\u00e9seau interurbain pour mieux vous servir !"},"content":{"rendered":"\n<p>Pour toujours mieux r\u00e9pondre aux besoins des habitants des communes \u00e9loign\u00e9es, <strong>TCM compl\u00e8te son offre avec le lancement du r\u00e9seau Mont&rsquo;Connection<\/strong>.<br>Ce service comprend d\u00e9sormais <strong>3 nouvelles lignes interurbaines<\/strong>, pens\u00e9es pour simplifier vos trajets et vous connecter efficacement au c\u0153ur de la m\u00e9tropole.<\/p>\n\n\n\n<p>En compl\u00e9ment de ces nouveaut\u00e9s, <strong>Mont&rsquo;Connection<\/strong> int\u00e8gre \u00e9galement <strong>les 2 lignes scolaires d\u00e9j\u00e0 en service depuis septembre 2024<\/strong>, d\u00e9di\u00e9es au transport des lyc\u00e9ens vers les \u00e9tablissements du centre-ville. Ainsi, le r\u00e9seau assure \u00e0 la fois <strong>des trajets r\u00e9guliers pour tous les usagers<\/strong> et <strong>des itin\u00e9raires sp\u00e9cifiques adapt\u00e9s aux besoins des \u00e9l\u00e8ves<\/strong>.<\/p>\n\n\n\n<hr class=\"wp-block-separator has-alpha-channel-opacity\" \/>\n\n\n\n<h4 class=\"wp-block-heading\">\ud83d\ude8f <strong>Les 3 nouvelles lignes Mont&rsquo;Connection :<\/strong><\/h4>\n\n\n\n<figure class=\"wp-block-table is-style-stripes\"><table class=\"has-fixed-layout\"><thead><tr><th>Ligne<\/th><th>Nom du trajet<\/th><th>Longueur<\/th><th>Temps de trajet<\/th><th>Nombre d&rsquo;arr\u00eats<\/th><\/tr><\/thead><tbody><tr><td>201<\/td><td>Campus Alan Turing &lt;&gt; LUSIGNOL Gare<\/td><td>49,9 km<\/td><td>58 min<\/td><td>5<\/td><\/tr><tr><td>202<\/td><td>Campus Alan Turing &lt;&gt; MINIA Gare Routi\u00e8re<\/td><td>29,0 km<\/td><td>37 min<\/td><td>4<\/td><\/tr><tr><td>203<\/td><td>Gare de l&rsquo;Ouest &lt;&gt; LUDORGUE Mont Ludorgue<\/td><td>42,1 km<\/td><td>62 min<\/td><td>5<\/td><\/tr><\/tbody><\/table><\/figure>\n\n\n\n<p>\u27a1\ufe0f Retrouvez tous les horaires et informations pour la <a href=\"https:\/\/tcm-mobilite.vercel.app\/src\/ligne.html#201\">ligne 201<\/a>.<br>\u27a1\ufe0f Retrouvez tous les horaires et informations pour la <a href=\"https:\/\/tcm-mobilite.vercel.app\/src\/ligne.html#202\">ligne 202<\/a>.<br>\u27a1\ufe0f Retrouvez tous les horaires et informations pour la <a href=\"https:\/\/tcm-mobilite.vercel.app\/src\/ligne.html#203\">ligne 203<\/a>.<\/p>\n\n\n\n<hr class=\"wp-block-separator has-alpha-channel-opacity\" \/>\n\n\n\n<h4 class=\"wp-block-heading\">\ud83c\udf93 <strong>Les lignes scolaires d\u00e9j\u00e0 en service :<\/strong><\/h4>\n\n\n\n<figure class=\"wp-block-table is-style-stripes\"><table class=\"has-fixed-layout\"><thead><tr><th>Ligne<\/th><th>Nom du trajet<\/th><th>Longueur<\/th><th>Temps de trajet<\/th><th>Nombre d&rsquo;arr\u00eats<\/th><\/tr><\/thead><tbody><tr><td>651<\/td><td>Lyc\u00e9e Karl Max &lt;&gt; NAUBOURG Grand-Place<\/td><td>37,0 km<\/td><td>60 min<\/td><td>8<\/td><\/tr><tr><td>652<\/td><td>Lyc\u00e9e Anne Frank &lt;&gt; SALANBOURG \u00c9glise Sainte Marie<\/td><td>23,9 km<\/td><td>40 min<\/td><td>5<\/td><\/tr><\/tbody><\/table><\/figure>\n\n\n\n<ul class=\"wp-block-list\">\n<li>\ud83d\ude8c Retrouvez les horaires et informations des lignes scolaires ici :<br>\u27a1\ufe0f <a href=\"https:\/\/tcm-mobilite.vercel.app\/src\/ligne.html#651\">Ligne 651<\/a><br>\u27a1\ufe0f <a href=\"https:\/\/tcm-mobilite.vercel.app\/src\/ligne.html#652\">Ligne 652<\/a><\/li>\n<\/ul>\n\n\n\n<hr class=\"wp-block-separator has-alpha-channel-opacity\" \/>\n\n\n\n<h4 class=\"wp-block-heading\">\ud83c\udfde\ufe0f <strong>Un choix strat\u00e9gique pour un r\u00e9seau performant<\/strong><\/h4>\n\n\n\n<p>Pour accompagner le d\u00e9veloppement de Mont&rsquo;Connection, <strong>TCM a fait l&rsquo;acquisition de 11 nouveaux autocars Mercedes S 416 LE BUSINESS<\/strong>.<br>Ces v\u00e9hicules haut de gamme sont sp\u00e9cialement con\u00e7us pour assurer des trajets interurbains dans les meilleures conditions :<\/p>\n\n\n\n<ul class=\"wp-block-list\">\n<li><strong>Un confort premium<\/strong> pour tous les passagers, avec des si\u00e8ges spacieux et ergonomiques.<\/li>\n\n\n\n<li><strong>Un service accessible<\/strong> gr\u00e2ce \u00e0 des v\u00e9hicules \u00e9quip\u00e9s pour accueillir les personnes \u00e0 mobilit\u00e9 r\u00e9duite.<\/li>\n\n\n\n<li><strong>Une connectivit\u00e9 moderne<\/strong>, incluant des informations en temps r\u00e9el pour un voyage fluide.<\/li>\n\n\n\n<li><strong>Une motorisation respectueuse de l\u2019environnement<\/strong>, alliant performance et r\u00e9duction de l\u2019empreinte carbone.<\/li>\n<\/ul>\n\n\n\n<p>Avec cette flotte moderne et adapt\u00e9e, <strong>Mont&rsquo;Connection devient un r\u00e9seau cl\u00e9 pour les territoires p\u00e9riph\u00e9riques<\/strong>, en offrant \u00e0 la fois des lignes r\u00e9guli\u00e8res pour tous et des itin\u00e9raires scolaires sp\u00e9cifiques.<\/p>\n\n\n\n<hr class=\"wp-block-separator has-alpha-channel-opacity\" \/>\n\n\n\n<p>\ud83c\udfaf <strong>Pourquoi choisir Mont&rsquo;Connection ?<\/strong><\/p>\n\n\n\n<ul class=\"wp-block-list\">\n<li>\ud83c\udf0d <strong>Une meilleure connexion<\/strong> entre les communes et le centre-ville.<\/li>\n\n\n\n<li>\ud83d\udeb8 <strong>Un service scolaire fiable<\/strong> pour les \u00e9l\u00e8ves des territoires \u00e9loign\u00e9s.<\/li>\n\n\n\n<li>\ud83c\udf31 <strong>Une d\u00e9marche \u00e9coresponsable<\/strong>, avec des v\u00e9hicules modernes et moins polluants.<\/li>\n<\/ul>\n\n\n\n<p><strong>\ud83d\udcc5 Pr\u00eat \u00e0 voyager ?<\/strong><br>\u27a1\ufe0f Consultez toutes les lignes et informations d\u00e9taill\u00e9es sur notre site : <a href=\"https:\/\/tcm-mobilite.vercel.app\">Mont&rsquo;Connection &#8211; TCM<\/a>.<\/p>\n\n\n\n<p><strong>Mont&rsquo;Connection, le r\u00e9seau qui rapproche vos horizons !<\/strong><\/p>\n","protected":false},"excerpt":{"rendered":"<p>Pour toujours mieux r\u00e9pondre aux besoins des habitants des communes \u00e9loign\u00e9es, TCM compl\u00e8te son offre avec le lancement du r\u00e9seau Mont&rsquo;Connection.Ce service comprend d\u00e9sormais 3 nouvelles lignes interurbaines, pens\u00e9es pour&nbsp;&hellip;<\/p>\n","protected":false},"author":249,"featured_media":546,"comment_status":"open","ping_status":"open","sticky":false,"template":"","format":"standard","meta":{"footnotes":""},"categories":[8],"tags":[],"class_list":["post-545","post","type-post","status-publish","format-standard","has-post-thumbnail","hentry","category-actu"],"_links":{"self":[{"href":"https:\/\/seal.transport-manager.net\/Tibo_lyon\/wp-json\/wp\/v2\/posts\/545","targetHints":{"allow":["GET"]}}],"collection":[{"href":"https:\/\/seal.transport-manager.net\/Tibo_lyon\/wp-json\/wp\/v2\/posts"}],"about":[{"href":"https:\/\/seal.transport-manager.net\/Tibo_lyon\/wp-json\/wp\/v2\/types\/post"}],"author":[{"embeddable":true,"href":"https:\/\/seal.transport-manager.net\/Tibo_lyon\/wp-json\/wp\/v2\/users\/249"}],"replies":[{"embeddable":true,"href":"https:\/\/seal.transport-manager.net\/Tibo_lyon\/wp-json\/wp\/v2\/comments?post=545"}],"version-history":[{"count":3,"href":"https:\/\/seal.transport-manager.net\/Tibo_lyon\/wp-json\/wp\/v2\/posts\/545\/revisions"}],"predecessor-version":[{"id":549,"href":"https:\/\/seal.transport-manager.net\/Tibo_lyon\/wp-json\/wp\/v2\/posts\/545\/revisions\/549"}],"wp:featuredmedia":[{"embeddable":true,"href":"https:\/\/seal.transport-manager.net\/Tibo_lyon\/wp-json\/wp\/v2\/media\/546"}],"wp:attachment":[{"href":"https:\/\/seal.transport-manager.net\/Tibo_lyon\/wp-json\/wp\/v2\/media?parent=545"}],"wp:term":[{"taxonomy":"category","embeddable":true,"href":"https:\/\/seal.transport-manager.net\/Tibo_lyon\/wp-json\/wp\/v2\/categories?post=545"},{"taxonomy":"post_tag","embeddable":true,"href":"https:\/\/seal.transport-manager.net\/Tibo_lyon\/wp-json\/wp\/v2\/tags?post=545"}],"curies":[{"name":"wp","href":"https:\/\/api.w.org\/{rel}","templated":true}]}}