{"id":97,"date":"2022-06-24T13:44:52","date_gmt":"2022-06-24T11:44:52","guid":{"rendered":"https:\/\/seal.transport-manager.net\/Tibo_lyon\/?p=97"},"modified":"2022-06-24T13:46:58","modified_gmt":"2022-06-24T11:46:58","slug":"fete-de-la-musique-a-saint-priest","status":"publish","type":"post","link":"https:\/\/seal.transport-manager.net\/Tibo_lyon\/2022\/06\/24\/fete-de-la-musique-a-saint-priest\/","title":{"rendered":"F\u00eate de la musique \u00e0 Saint Priest"},"content":{"rendered":"\n<p>Suite \u00e0 l&rsquo;annulation mardi dernier, la municipalit\u00e9 de Saint-Priest reprogramme la f\u00eate de la musique ce mardi 28 juin ! A cette occasion nous augmentons les fr\u00e9quences de la ligne 2 afin de vous emmener plus rapidement et en toute s\u00e9curit\u00e9. Par ailleurs, l&rsquo;arr\u00eat \u00ab\u00a0Conservatoire Saint-Priest\u00a0\u00bb est d\u00e9plac\u00e9 \u00e0 l&rsquo;arri\u00e8re du b\u00e2timent. Aucune autre modification n&rsquo;est effectu\u00e9e.<br>Profitez bien de la f\u00eate !<\/p>\n\n\n\n<div class=\"wp-block-image\"><figure class=\"aligncenter size-large\"><img decoding=\"async\" src=\"https:\/\/media.discordapp.net\/attachments\/978371163304644629\/988178775793598505\/png_20220619_221300_0000.png?width=444&amp;height=628\" alt=\"\" \/><\/figure><\/div>\n","protected":false},"excerpt":{"rendered":"<p>Suite \u00e0 l&rsquo;annulation mardi dernier, la municipalit\u00e9 de Saint-Priest reprogramme la f\u00eate de la musique ce mardi 28 juin ! A cette occasion nous augmentons les fr\u00e9quences de la ligne&nbsp;&hellip;<\/p>\n","protected":false},"author":249,"featured_media":0,"comment_status":"open","ping_status":"open","sticky":false,"template":"","format":"standard","meta":{"footnotes":""},"categories":[8,7,9],"tags":[],"class_list":["post-97","post","type-post","status-publish","format-standard","hentry","category-actu","category-if","category-9"],"_links":{"self":[{"href":"https:\/\/seal.transport-manager.net\/Tibo_lyon\/wp-json\/wp\/v2\/posts\/97","targetHints":{"allow":["GET"]}}],"collection":[{"href":"https:\/\/seal.transport-manager.net\/Tibo_lyon\/wp-json\/wp\/v2\/posts"}],"about":[{"href":"https:\/\/seal.transport-manager.net\/Tibo_lyon\/wp-json\/wp\/v2\/types\/post"}],"author":[{"embeddable":true,"href":"https:\/\/seal.transport-manager.net\/Tibo_lyon\/wp-json\/wp\/v2\/users\/249"}],"replies":[{"embeddable":true,"href":"https:\/\/seal.transport-manager.net\/Tibo_lyon\/wp-json\/wp\/v2\/comments?post=97"}],"version-history":[{"count":1,"href":"https:\/\/seal.transport-manager.net\/Tibo_lyon\/wp-json\/wp\/v2\/posts\/97\/revisions"}],"predecessor-version":[{"id":98,"href":"https:\/\/seal.transport-manager.net\/Tibo_lyon\/wp-json\/wp\/v2\/posts\/97\/revisions\/98"}],"wp:attachment":[{"href":"https:\/\/seal.transport-manager.net\/Tibo_lyon\/wp-json\/wp\/v2\/media?parent=97"}],"wp:term":[{"taxonomy":"category","embeddable":true,"href":"https:\/\/seal.transport-manager.net\/Tibo_lyon\/wp-json\/wp\/v2\/categories?post=97"},{"taxonomy":"post_tag","embeddable":true,"href":"https:\/\/seal.transport-manager.net\/Tibo_lyon\/wp-json\/wp\/v2\/tags?post=97"}],"curies":[{"name":"wp","href":"https:\/\/api.w.org\/{rel}","templated":true}]}}