{"id":134,"date":"2024-02-15T18:11:01","date_gmt":"2024-02-15T17:11:01","guid":{"rendered":"https:\/\/seal.transport-manager.net\/lecrafteuryt\/?p=134"},"modified":"2024-02-15T18:11:01","modified_gmt":"2024-02-15T17:11:01","slug":"renovation-de-vehicules","status":"publish","type":"post","link":"https:\/\/seal.transport-manager.net\/lecrafteuryt\/2024\/02\/15\/renovation-de-vehicules\/","title":{"rendered":"R\u00e9novation de v\u00e9hicules"},"content":{"rendered":"\n<p>Apr\u00e8s vos r\u00e9clamations, STM va proc\u00e9der \u00e0 des r\u00e9novations compl\u00e8te de notre parc de bus en mauvais \u00e9tat afin de les faire rouler dans de meilleures conditions. Ce projet de r\u00e9novation commence d\u00e8s demain. En tout, ce sont plus d&rsquo;un million d&rsquo;euros qui ont \u00e9t\u00e9 investis dans ce projet afin de donner une seconde vie \u00e0 nos v\u00e9hicules. Pour palier au manque de mat\u00e9riel, des v\u00e9hicules de location de l&rsquo;alliance Lut\u00e8ce Groupe ainsi que de divers concessions seront mobilis\u00e9s. Cette proc\u00e9dure se poursuivra jusqu&rsquo;en juin 2024.<\/p>\n\n\n\n<p>Passez un excellent voyage sur notre r\u00e9seau !<\/p>\n\n\n\n<p><em>Vos d\u00e9placements, notre priorit\u00e9.<\/em><\/p>\n\n\n\n<p><em>STM pour MBF Transport<\/em><\/p>\n","protected":false},"excerpt":{"rendered":"<p>Apr\u00e8s vos r\u00e9clamations, STM va proc\u00e9der \u00e0 des r\u00e9novations compl\u00e8te de notre parc de bus en mauvais \u00e9tat afin de les faire rouler dans de meilleures conditions. Ce projet de&nbsp;&hellip;<\/p>\n","protected":false},"author":89,"featured_media":0,"comment_status":"open","ping_status":"open","sticky":false,"template":"","format":"standard","meta":{"footnotes":""},"categories":[4],"tags":[],"class_list":["post-134","post","type-post","status-publish","format-standard","hentry","category-general"],"_links":{"self":[{"href":"https:\/\/seal.transport-manager.net\/lecrafteuryt\/wp-json\/wp\/v2\/posts\/134","targetHints":{"allow":["GET"]}}],"collection":[{"href":"https:\/\/seal.transport-manager.net\/lecrafteuryt\/wp-json\/wp\/v2\/posts"}],"about":[{"href":"https:\/\/seal.transport-manager.net\/lecrafteuryt\/wp-json\/wp\/v2\/types\/post"}],"author":[{"embeddable":true,"href":"https:\/\/seal.transport-manager.net\/lecrafteuryt\/wp-json\/wp\/v2\/users\/89"}],"replies":[{"embeddable":true,"href":"https:\/\/seal.transport-manager.net\/lecrafteuryt\/wp-json\/wp\/v2\/comments?post=134"}],"version-history":[{"count":1,"href":"https:\/\/seal.transport-manager.net\/lecrafteuryt\/wp-json\/wp\/v2\/posts\/134\/revisions"}],"predecessor-version":[{"id":135,"href":"https:\/\/seal.transport-manager.net\/lecrafteuryt\/wp-json\/wp\/v2\/posts\/134\/revisions\/135"}],"wp:attachment":[{"href":"https:\/\/seal.transport-manager.net\/lecrafteuryt\/wp-json\/wp\/v2\/media?parent=134"}],"wp:term":[{"taxonomy":"category","embeddable":true,"href":"https:\/\/seal.transport-manager.net\/lecrafteuryt\/wp-json\/wp\/v2\/categories?post=134"},{"taxonomy":"post_tag","embeddable":true,"href":"https:\/\/seal.transport-manager.net\/lecrafteuryt\/wp-json\/wp\/v2\/tags?post=134"}],"curies":[{"name":"wp","href":"https:\/\/api.w.org\/{rel}","templated":true}]}}