{"id":453,"date":"2025-12-02T19:36:41","date_gmt":"2025-12-02T18:36:41","guid":{"rendered":"https:\/\/seal.transport-manager.net\/miko\/?p=453"},"modified":"2025-12-02T19:37:57","modified_gmt":"2025-12-02T18:37:57","slug":"nouveau-vlre","status":"publish","type":"post","link":"https:\/\/seal.transport-manager.net\/miko\/2025\/12\/02\/nouveau-vlre\/","title":{"rendered":"Nouveau VLR\u00c9"},"content":{"rendered":"\n<p class=\"has-black-color has-text-color has-link-color wp-elements-e477c6effc1703c5e014b0b68adb41d1\">Nouveau VLR\u00c9 et d\u00e9j\u00e0 premier sur vos meilleurs trajets POP !<\/p>\n\n\n\n<p class=\"has-black-color has-text-color has-link-color wp-elements-95eacb1d32c34089e5546f11e8d310bd\">Pour votre confort, VLR\u00c9 se r\u00e9invente avant les f\u00eates de fin d&rsquo;ann\u00e9es !<\/p>\n\n\n\n<ul class=\"wp-block-list\">\n<li class=\"has-black-color has-text-color has-link-color wp-elements-d57d7447bd0f4c34b382449bf4bb200f\">Lundi 1er D\u00e9cembre : Changement de l&rsquo;habillage<\/li>\n\n\n\n<li class=\"has-black-color has-text-color has-link-color wp-elements-94b65b67cf24cb3b5a59ca01d86b7011\">Mardi 2 D\u00e9cembre : Passage au Niveau 3<\/li>\n\n\n\n<li class=\"has-black-color has-text-color has-link-color wp-elements-e2ea33308ae4e0f5f6279e95f8bf4374\">A venir d\u00e9but d\u00e9cembre nos nouveaux Urbanway 12 en en BHNS pour la ligne 3<\/li>\n\n\n\n<li class=\"has-black-color has-text-color has-link-color wp-elements-78f7d7b6902cd64cb27613ae0f20c09d\">Dans le mois de d\u00e9cembre ou janvier, nos 17 nouveaux Urbanway 18 en BHNS pour la ligne 2<\/li>\n<\/ul>\n\n\n\n<p class=\"has-black-color has-text-color has-link-color wp-elements-e43cdfbb3679eba71fab45de17fe5a5d\">La suite de nos projets \u00e0 venir&#8230;<\/p>\n\n\n\n<figure class=\"wp-block-image size-large\"><img loading=\"lazy\" decoding=\"async\" width=\"1024\" height=\"341\" src=\"https:\/\/seal.transport-manager.net\/miko\/wp-content\/uploads\/sites\/471\/2025\/12\/2-1024x341.png\" alt=\"\" class=\"wp-image-403\" srcset=\"https:\/\/seal.transport-manager.net\/miko\/wp-content\/uploads\/sites\/471\/2025\/12\/2-1024x341.png 1024w, https:\/\/seal.transport-manager.net\/miko\/wp-content\/uploads\/sites\/471\/2025\/12\/2-300x100.png 300w, https:\/\/seal.transport-manager.net\/miko\/wp-content\/uploads\/sites\/471\/2025\/12\/2-768x256.png 768w, https:\/\/seal.transport-manager.net\/miko\/wp-content\/uploads\/sites\/471\/2025\/12\/2-1232x411.png 1232w, https:\/\/seal.transport-manager.net\/miko\/wp-content\/uploads\/sites\/471\/2025\/12\/2.png 1500w\" sizes=\"auto, (max-width: 1024px) 100vw, 1024px\" \/><\/figure>\n","protected":false},"excerpt":{"rendered":"<p>Nouveau VLR\u00c9 et d\u00e9j\u00e0 premier sur vos meilleurs trajets POP ! Pour votre confort, VLR\u00c9 se r\u00e9invente avant les f\u00eates de fin d&rsquo;ann\u00e9es ! La suite de nos projets \u00e0&nbsp;&hellip;<\/p>\n","protected":false},"author":439,"featured_media":402,"comment_status":"open","ping_status":"open","sticky":false,"template":"","format":"standard","meta":{"footnotes":""},"categories":[1],"tags":[],"class_list":["post-453","post","type-post","status-publish","format-standard","has-post-thumbnail","hentry","category-non-classe"],"_links":{"self":[{"href":"https:\/\/seal.transport-manager.net\/miko\/wp-json\/wp\/v2\/posts\/453","targetHints":{"allow":["GET"]}}],"collection":[{"href":"https:\/\/seal.transport-manager.net\/miko\/wp-json\/wp\/v2\/posts"}],"about":[{"href":"https:\/\/seal.transport-manager.net\/miko\/wp-json\/wp\/v2\/types\/post"}],"author":[{"embeddable":true,"href":"https:\/\/seal.transport-manager.net\/miko\/wp-json\/wp\/v2\/users\/439"}],"replies":[{"embeddable":true,"href":"https:\/\/seal.transport-manager.net\/miko\/wp-json\/wp\/v2\/comments?post=453"}],"version-history":[{"count":2,"href":"https:\/\/seal.transport-manager.net\/miko\/wp-json\/wp\/v2\/posts\/453\/revisions"}],"predecessor-version":[{"id":455,"href":"https:\/\/seal.transport-manager.net\/miko\/wp-json\/wp\/v2\/posts\/453\/revisions\/455"}],"wp:featuredmedia":[{"embeddable":true,"href":"https:\/\/seal.transport-manager.net\/miko\/wp-json\/wp\/v2\/media\/402"}],"wp:attachment":[{"href":"https:\/\/seal.transport-manager.net\/miko\/wp-json\/wp\/v2\/media?parent=453"}],"wp:term":[{"taxonomy":"category","embeddable":true,"href":"https:\/\/seal.transport-manager.net\/miko\/wp-json\/wp\/v2\/categories?post=453"},{"taxonomy":"post_tag","embeddable":true,"href":"https:\/\/seal.transport-manager.net\/miko\/wp-json\/wp\/v2\/tags?post=453"}],"curies":[{"name":"wp","href":"https:\/\/api.w.org\/{rel}","templated":true}]}}