{"id":155,"date":"2024-06-03T15:59:54","date_gmt":"2024-06-03T13:59:54","guid":{"rendered":"https:\/\/seal.transport-manager.net\/mrexx\/?p=155"},"modified":"2024-06-03T15:59:54","modified_gmt":"2024-06-03T13:59:54","slug":"lancement-des-travaux-damelioration","status":"publish","type":"post","link":"https:\/\/seal.transport-manager.net\/mrexx\/2024\/06\/03\/lancement-des-travaux-damelioration\/","title":{"rendered":"Lancement des Travaux d&rsquo;Am\u00e9lioration"},"content":{"rendered":"\n<p><strong><mark style=\"background-color:#000000\" class=\"has-inline-color has-white-color\">Communiqu\u00e9 de Presse : Lancement des Travaux d&rsquo;Am\u00e9lioration<\/mark><\/strong> Nous sommes heureux de vous informer du lancement imminent des travaux d&rsquo;am\u00e9lioration pr\u00e9vus du <strong>3 au 15 juin 2024<\/strong>. Ces travaux, s&rsquo;\u00e9talant sur deux semaines, se d\u00e9rouleront \u00e0 l&rsquo;exception des dimanches, mais incluront les samedis. <strong>Objectifs des Travaux :<\/strong><\/p>\n\n\n\n<ul class=\"wp-block-list\">\n<li><strong>Am\u00e9lioration des routes et infrastructures<\/strong> existantes.<\/li>\n\n\n\n<li><strong>Cr\u00e9ation de nouvelles routes<\/strong> pour les futures lignes de transport, en particulier les lignes <strong>2 et 3<\/strong>.<\/li>\n<\/ul>\n\n\n\n<p><strong>Am\u00e9nagements Pr\u00e9vus :<\/strong><\/p>\n\n\n\n<ul class=\"wp-block-list\">\n<li>Installation de <strong>distributeurs de snacks, boissons<\/strong>, ainsi que de <strong>caf\u00e9 et jus press\u00e9<\/strong> dans toutes les gares routi\u00e8res.<\/li>\n\n\n\n<li>Am\u00e9nagement d&rsquo;une <strong>zone sp\u00e9cialement con\u00e7ue pour les personnes en situation de handicap<\/strong> et les malvoyants.<\/li>\n<\/ul>\n\n\n\n<p><strong>Extensions et Ajouts :<\/strong><\/p>\n\n\n\n<ul class=\"wp-block-list\">\n<li>Agrandissement de la <strong>gare routi\u00e8re centrale<\/strong> avec un nouvel espace de <strong>stationnement pour les bus<\/strong> en attente.<\/li>\n\n\n\n<li>Construction d&rsquo;une <strong>nouvelle salle de repos pour les conducteurs<\/strong>.<\/li>\n<\/ul>\n\n\n\n<p>Nous nous engageons \u00e0 am\u00e9liorer nos services de mani\u00e8re continue. Certains de ces changements seront mis en \u0153uvre dans les <strong>mois suivant<\/strong> la fin des travaux. Pour plus d&rsquo;informations et pour suivre l&rsquo;\u00e9volution des travaux, veuillez consulter notre <strong>agenda de travaux<\/strong> sur notre site internet.<\/p>\n","protected":false},"excerpt":{"rendered":"<p>Communiqu\u00e9 de Presse : Lancement des Travaux d&rsquo;Am\u00e9lioration Nous sommes heureux de vous informer du lancement imminent des travaux d&rsquo;am\u00e9lioration pr\u00e9vus du 3 au 15 juin 2024. Ces travaux, s&rsquo;\u00e9talant&nbsp;&hellip;<\/p>\n","protected":false},"author":446,"featured_media":156,"comment_status":"open","ping_status":"open","sticky":false,"template":"","format":"standard","meta":{"footnotes":""},"categories":[5],"tags":[],"class_list":["post-155","post","type-post","status-publish","format-standard","has-post-thumbnail","hentry","category-info-actualites"],"_links":{"self":[{"href":"https:\/\/seal.transport-manager.net\/mrexx\/wp-json\/wp\/v2\/posts\/155","targetHints":{"allow":["GET"]}}],"collection":[{"href":"https:\/\/seal.transport-manager.net\/mrexx\/wp-json\/wp\/v2\/posts"}],"about":[{"href":"https:\/\/seal.transport-manager.net\/mrexx\/wp-json\/wp\/v2\/types\/post"}],"author":[{"embeddable":true,"href":"https:\/\/seal.transport-manager.net\/mrexx\/wp-json\/wp\/v2\/users\/446"}],"replies":[{"embeddable":true,"href":"https:\/\/seal.transport-manager.net\/mrexx\/wp-json\/wp\/v2\/comments?post=155"}],"version-history":[{"count":1,"href":"https:\/\/seal.transport-manager.net\/mrexx\/wp-json\/wp\/v2\/posts\/155\/revisions"}],"predecessor-version":[{"id":157,"href":"https:\/\/seal.transport-manager.net\/mrexx\/wp-json\/wp\/v2\/posts\/155\/revisions\/157"}],"wp:featuredmedia":[{"embeddable":true,"href":"https:\/\/seal.transport-manager.net\/mrexx\/wp-json\/wp\/v2\/media\/156"}],"wp:attachment":[{"href":"https:\/\/seal.transport-manager.net\/mrexx\/wp-json\/wp\/v2\/media?parent=155"}],"wp:term":[{"taxonomy":"category","embeddable":true,"href":"https:\/\/seal.transport-manager.net\/mrexx\/wp-json\/wp\/v2\/categories?post=155"},{"taxonomy":"post_tag","embeddable":true,"href":"https:\/\/seal.transport-manager.net\/mrexx\/wp-json\/wp\/v2\/tags?post=155"}],"curies":[{"name":"wp","href":"https:\/\/api.w.org\/{rel}","templated":true}]}}